{"id":1190,"date":"2021-09-10T17:28:03","date_gmt":"2021-09-10T17:28:03","guid":{"rendered":"https:\/\/dizabil.eu\/accesibilizare\/?p=1190"},"modified":"2021-09-15T17:22:06","modified_gmt":"2021-09-15T17:22:06","slug":"cup-focsani-str-simion-barnutiu-accesibilizat","status":"publish","type":"post","link":"https:\/\/dizabil.eu\/accesibilizare\/cup-focsani-str-simion-barnutiu-accesibilizat\/","title":{"rendered":"CUP Focsani, Str. Simion B\u0103rnu\u0163iu. Accesibilizat"},"content":{"rendered":"<p><strong><span style=\"color: #008000; font-size: 16pt;\">Accesibilizat<\/span><\/strong><\/p>\n<p>Exist\u0103 ramp\u0103 practicabil\u0103.<br \/>\nAccesul \u00een interior nu este restric\u021bionat.<\/p>\n<p><a href=\"https:\/\/goo.gl\/maps\/s7yJqzRX8MN5TzaeA\" target=\"_blank\" rel=\"noopener\"><img loading=\"lazy\" decoding=\"async\" class=\"alignnone wp-image-1247 size-medium\" src=\"http:\/\/dizabil.eu\/accesibilizare\/wp-content\/uploads\/2021\/09\/CUP-Focsani-338x450.jpg\" alt=\"\" width=\"338\" height=\"450\" srcset=\"https:\/\/dizabil.eu\/accesibilizare\/wp-content\/uploads\/2021\/09\/CUP-Focsani-338x450.jpg 338w, https:\/\/dizabil.eu\/accesibilizare\/wp-content\/uploads\/2021\/09\/CUP-Focsani.jpg 750w\" sizes=\"(max-width: 338px) 100vw, 338px\" \/><\/a><\/p>\n<p><iframe loading=\"lazy\" style=\"border: 0;\" src=\"https:\/\/www.google.com\/maps\/embed?pb=!1m18!1m12!1m3!1d2786.6890635913905!2d27.186558750264496!3d45.697211625784945!2m3!1f0!2f0!3f0!3m2!1i1024!2i768!4f13.1!3m3!1m2!1s0x40b418a71dd7f3fb%3A0x3eb698bc540fdeff!2sCompania%20De%20Utilitati%20Publice%20R.A%20Focsani!5e0!3m2!1sro!2sro!4v1631725708624!5m2!1sro!2sro\" width=\"1100\" height=\"500\" allowfullscreen=\"allowfullscreen\"><\/iframe><\/p>\n","protected":false},"excerpt":{"rendered":"<p>Accesibilizat Exist\u0103 ramp\u0103 practicabil\u0103. Accesul \u00een interior nu este restric\u021bionat.<\/p>\n","protected":false},"author":1,"featured_media":0,"comment_status":"closed","ping_status":"open","sticky":false,"template":"","format":"standard","meta":{"cybocfi_hide_featured_image":"","footnotes":""},"categories":[1],"tags":[12],"yoast_head":"<!-- This site is optimized with the Yoast SEO plugin v16.0.2 - https:\/\/yoast.com\/wordpress\/plugins\/seo\/ -->\n<title>CUP Focsani, Str. Simion B\u0103rnu\u0163iu. Accesibilizat -<\/title>\n<link rel=\"canonical\" href=\"http:\/\/dizabil.eu\/accesibilizare\/cup-focsani-str-simion-barnutiu-accesibilizat\/\" \/>\n<meta property=\"og:locale\" content=\"ro_RO\" \/>\n<meta property=\"og:type\" content=\"article\" \/>\n<meta property=\"og:title\" content=\"CUP Focsani, Str. Simion B\u0103rnu\u0163iu. Accesibilizat -\" \/>\n<meta property=\"og:description\" content=\"Accesibilizat Exist\u0103 ramp\u0103 practicabil\u0103. Accesul \u00een interior nu este restric\u021bionat.\" \/>\n<meta property=\"og:url\" content=\"http:\/\/dizabil.eu\/accesibilizare\/cup-focsani-str-simion-barnutiu-accesibilizat\/\" \/>\n<meta property=\"article:published_time\" content=\"2021-09-10T17:28:03+00:00\" \/>\n<meta property=\"article:modified_time\" content=\"2021-09-15T17:22:06+00:00\" \/>\n<meta property=\"og:image\" content=\"http:\/\/dizabil.eu\/accesibilizare\/wp-content\/uploads\/2021\/09\/CUP-Focsani-338x450.jpg\" \/>\n<meta name=\"twitter:card\" content=\"summary_large_image\" \/>\n<meta name=\"twitter:label1\" content=\"Timp estimat pentru citire\">\n\t<meta name=\"twitter:data1\" content=\"1 minut\">\n<script type=\"application\/ld+json\" class=\"yoast-schema-graph\">{\"@context\":\"https:\/\/schema.org\",\"@graph\":[{\"@type\":\"WebSite\",\"@id\":\"https:\/\/dizabil.eu\/accesibilizare\/#website\",\"url\":\"https:\/\/dizabil.eu\/accesibilizare\/\",\"name\":\"\",\"description\":\"site destinat persoanelor cu dizabilitati\",\"potentialAction\":[{\"@type\":\"SearchAction\",\"target\":\"https:\/\/dizabil.eu\/accesibilizare\/?s={search_term_string}\",\"query-input\":\"required name=search_term_string\"}],\"inLanguage\":\"ro-RO\"},{\"@type\":\"ImageObject\",\"@id\":\"http:\/\/dizabil.eu\/accesibilizare\/cup-focsani-str-simion-barnutiu-accesibilizat\/#primaryimage\",\"inLanguage\":\"ro-RO\",\"url\":\"http:\/\/dizabil.eu\/accesibilizare\/wp-content\/uploads\/2021\/09\/CUP-Focsani-338x450.jpg\"},{\"@type\":\"WebPage\",\"@id\":\"http:\/\/dizabil.eu\/accesibilizare\/cup-focsani-str-simion-barnutiu-accesibilizat\/#webpage\",\"url\":\"http:\/\/dizabil.eu\/accesibilizare\/cup-focsani-str-simion-barnutiu-accesibilizat\/\",\"name\":\"CUP Focsani, Str. Simion B\\u0103rnu\\u0163iu. Accesibilizat -\",\"isPartOf\":{\"@id\":\"https:\/\/dizabil.eu\/accesibilizare\/#website\"},\"primaryImageOfPage\":{\"@id\":\"http:\/\/dizabil.eu\/accesibilizare\/cup-focsani-str-simion-barnutiu-accesibilizat\/#primaryimage\"},\"datePublished\":\"2021-09-10T17:28:03+00:00\",\"dateModified\":\"2021-09-15T17:22:06+00:00\",\"author\":{\"@id\":\"https:\/\/dizabil.eu\/accesibilizare\/#\/schema\/person\/731b609814235cdcc9c8ca1ca26fc286\"},\"breadcrumb\":{\"@id\":\"http:\/\/dizabil.eu\/accesibilizare\/cup-focsani-str-simion-barnutiu-accesibilizat\/#breadcrumb\"},\"inLanguage\":\"ro-RO\",\"potentialAction\":[{\"@type\":\"ReadAction\",\"target\":[\"http:\/\/dizabil.eu\/accesibilizare\/cup-focsani-str-simion-barnutiu-accesibilizat\/\"]}]},{\"@type\":\"BreadcrumbList\",\"@id\":\"http:\/\/dizabil.eu\/accesibilizare\/cup-focsani-str-simion-barnutiu-accesibilizat\/#breadcrumb\",\"itemListElement\":[{\"@type\":\"ListItem\",\"position\":1,\"item\":{\"@type\":\"WebPage\",\"@id\":\"https:\/\/dizabil.eu\/accesibilizare\/\",\"url\":\"https:\/\/dizabil.eu\/accesibilizare\/\",\"name\":\"Prima pagin\\u0103\"}},{\"@type\":\"ListItem\",\"position\":2,\"item\":{\"@type\":\"WebPage\",\"@id\":\"http:\/\/dizabil.eu\/accesibilizare\/cup-focsani-str-simion-barnutiu-accesibilizat\/\",\"url\":\"http:\/\/dizabil.eu\/accesibilizare\/cup-focsani-str-simion-barnutiu-accesibilizat\/\",\"name\":\"CUP Focsani, Str. Simion B\\u0103rnu\\u0163iu. Accesibilizat\"}}]},{\"@type\":\"Person\",\"@id\":\"https:\/\/dizabil.eu\/accesibilizare\/#\/schema\/person\/731b609814235cdcc9c8ca1ca26fc286\",\"name\":\"dizabil.eu\",\"image\":{\"@type\":\"ImageObject\",\"@id\":\"https:\/\/dizabil.eu\/accesibilizare\/#personlogo\",\"inLanguage\":\"ro-RO\",\"url\":\"https:\/\/secure.gravatar.com\/avatar\/7256dad9e42e1b0eda0730bb808024bd?s=96&d=mm&r=g\",\"caption\":\"dizabil.eu\"}}]}<\/script>\n<!-- \/ Yoast SEO plugin. -->","_links":{"self":[{"href":"https:\/\/dizabil.eu\/accesibilizare\/wp-json\/wp\/v2\/posts\/1190"}],"collection":[{"href":"https:\/\/dizabil.eu\/accesibilizare\/wp-json\/wp\/v2\/posts"}],"about":[{"href":"https:\/\/dizabil.eu\/accesibilizare\/wp-json\/wp\/v2\/types\/post"}],"author":[{"embeddable":true,"href":"https:\/\/dizabil.eu\/accesibilizare\/wp-json\/wp\/v2\/users\/1"}],"replies":[{"embeddable":true,"href":"https:\/\/dizabil.eu\/accesibilizare\/wp-json\/wp\/v2\/comments?post=1190"}],"version-history":[{"count":3,"href":"https:\/\/dizabil.eu\/accesibilizare\/wp-json\/wp\/v2\/posts\/1190\/revisions"}],"predecessor-version":[{"id":1248,"href":"https:\/\/dizabil.eu\/accesibilizare\/wp-json\/wp\/v2\/posts\/1190\/revisions\/1248"}],"wp:attachment":[{"href":"https:\/\/dizabil.eu\/accesibilizare\/wp-json\/wp\/v2\/media?parent=1190"}],"wp:term":[{"taxonomy":"category","embeddable":true,"href":"https:\/\/dizabil.eu\/accesibilizare\/wp-json\/wp\/v2\/categories?post=1190"},{"taxonomy":"post_tag","embeddable":true,"href":"https:\/\/dizabil.eu\/accesibilizare\/wp-json\/wp\/v2\/tags?post=1190"}],"curies":[{"name":"wp","href":"https:\/\/api.w.org\/{rel}","templated":true}]}}