{"id":1263,"date":"2021-09-16T16:06:20","date_gmt":"2021-09-16T16:06:20","guid":{"rendered":"http:\/\/dizabil.eu\/accesibilizare\/?p=1263"},"modified":"2021-09-16T16:06:20","modified_gmt":"2021-09-16T16:06:20","slug":"farmacia-catena-strada-cuza-voda-nr-51-langa-spital-accesibilizat","status":"publish","type":"post","link":"https:\/\/dizabil.eu\/accesibilizare\/farmacia-catena-strada-cuza-voda-nr-51-langa-spital-accesibilizat\/","title":{"rendered":"Farmacia Catena, Strada Cuza Vod\u0103 nr. 51 (l\u00e2ng\u0103 spital), Accesibilizat"},"content":{"rendered":"<p><strong><span style=\"color: #008000; font-size: 16pt;\">Accesibilizat<\/span><\/strong><\/p>\n<p>Nu este necesar\u0103 rampa.<br \/>\nAccesul nu este restric\u021bionat.<\/p>\n<p>&nbsp;<\/p>\n<p>&nbsp;<\/p>\n","protected":false},"excerpt":{"rendered":"<p>Accesibilizat Nu este necesar\u0103 rampa. Accesul nu este restric\u021bionat. &nbsp; &nbsp;<\/p>\n","protected":false},"author":1,"featured_media":0,"comment_status":"closed","ping_status":"open","sticky":false,"template":"","format":"standard","meta":{"cybocfi_hide_featured_image":"","footnotes":""},"categories":[1],"tags":[],"yoast_head":"<!-- This site is optimized with the Yoast SEO plugin v16.0.2 - https:\/\/yoast.com\/wordpress\/plugins\/seo\/ -->\n<title>Farmacia Catena, Strada Cuza Vod\u0103 nr. 51 (l\u00e2ng\u0103 spital), Accesibilizat -<\/title>\n<link rel=\"canonical\" href=\"https:\/\/dizabil.eu\/accesibilizare\/farmacia-catena-strada-cuza-voda-nr-51-langa-spital-accesibilizat\/\" \/>\n<meta property=\"og:locale\" content=\"ro_RO\" \/>\n<meta property=\"og:type\" content=\"article\" \/>\n<meta property=\"og:title\" content=\"Farmacia Catena, Strada Cuza Vod\u0103 nr. 51 (l\u00e2ng\u0103 spital), Accesibilizat -\" \/>\n<meta property=\"og:description\" content=\"Accesibilizat Nu este necesar\u0103 rampa. Accesul nu este restric\u021bionat. &nbsp; &nbsp;\" \/>\n<meta property=\"og:url\" content=\"https:\/\/dizabil.eu\/accesibilizare\/farmacia-catena-strada-cuza-voda-nr-51-langa-spital-accesibilizat\/\" \/>\n<meta property=\"article:published_time\" content=\"2021-09-16T16:06:20+00:00\" \/>\n<meta name=\"twitter:card\" content=\"summary_large_image\" \/>\n<meta name=\"twitter:label1\" content=\"Timp estimat pentru citire\">\n\t<meta name=\"twitter:data1\" content=\"1 minut\">\n<script type=\"application\/ld+json\" class=\"yoast-schema-graph\">{\"@context\":\"https:\/\/schema.org\",\"@graph\":[{\"@type\":\"WebSite\",\"@id\":\"https:\/\/dizabil.eu\/accesibilizare\/#website\",\"url\":\"https:\/\/dizabil.eu\/accesibilizare\/\",\"name\":\"\",\"description\":\"site destinat persoanelor cu dizabilitati\",\"potentialAction\":[{\"@type\":\"SearchAction\",\"target\":\"https:\/\/dizabil.eu\/accesibilizare\/?s={search_term_string}\",\"query-input\":\"required name=search_term_string\"}],\"inLanguage\":\"ro-RO\"},{\"@type\":\"WebPage\",\"@id\":\"https:\/\/dizabil.eu\/accesibilizare\/farmacia-catena-strada-cuza-voda-nr-51-langa-spital-accesibilizat\/#webpage\",\"url\":\"https:\/\/dizabil.eu\/accesibilizare\/farmacia-catena-strada-cuza-voda-nr-51-langa-spital-accesibilizat\/\",\"name\":\"Farmacia Catena, Strada Cuza Vod\\u0103 nr. 51 (l\\u00e2ng\\u0103 spital), Accesibilizat -\",\"isPartOf\":{\"@id\":\"https:\/\/dizabil.eu\/accesibilizare\/#website\"},\"datePublished\":\"2021-09-16T16:06:20+00:00\",\"dateModified\":\"2021-09-16T16:06:20+00:00\",\"author\":{\"@id\":\"https:\/\/dizabil.eu\/accesibilizare\/#\/schema\/person\/731b609814235cdcc9c8ca1ca26fc286\"},\"breadcrumb\":{\"@id\":\"https:\/\/dizabil.eu\/accesibilizare\/farmacia-catena-strada-cuza-voda-nr-51-langa-spital-accesibilizat\/#breadcrumb\"},\"inLanguage\":\"ro-RO\",\"potentialAction\":[{\"@type\":\"ReadAction\",\"target\":[\"https:\/\/dizabil.eu\/accesibilizare\/farmacia-catena-strada-cuza-voda-nr-51-langa-spital-accesibilizat\/\"]}]},{\"@type\":\"BreadcrumbList\",\"@id\":\"https:\/\/dizabil.eu\/accesibilizare\/farmacia-catena-strada-cuza-voda-nr-51-langa-spital-accesibilizat\/#breadcrumb\",\"itemListElement\":[{\"@type\":\"ListItem\",\"position\":1,\"item\":{\"@type\":\"WebPage\",\"@id\":\"https:\/\/dizabil.eu\/accesibilizare\/\",\"url\":\"https:\/\/dizabil.eu\/accesibilizare\/\",\"name\":\"Prima pagin\\u0103\"}},{\"@type\":\"ListItem\",\"position\":2,\"item\":{\"@type\":\"WebPage\",\"@id\":\"https:\/\/dizabil.eu\/accesibilizare\/farmacia-catena-strada-cuza-voda-nr-51-langa-spital-accesibilizat\/\",\"url\":\"https:\/\/dizabil.eu\/accesibilizare\/farmacia-catena-strada-cuza-voda-nr-51-langa-spital-accesibilizat\/\",\"name\":\"Farmacia Catena, Strada Cuza Vod\\u0103 nr. 51 (l\\u00e2ng\\u0103 spital), Accesibilizat\"}}]},{\"@type\":\"Person\",\"@id\":\"https:\/\/dizabil.eu\/accesibilizare\/#\/schema\/person\/731b609814235cdcc9c8ca1ca26fc286\",\"name\":\"dizabil.eu\",\"image\":{\"@type\":\"ImageObject\",\"@id\":\"https:\/\/dizabil.eu\/accesibilizare\/#personlogo\",\"inLanguage\":\"ro-RO\",\"url\":\"https:\/\/secure.gravatar.com\/avatar\/7256dad9e42e1b0eda0730bb808024bd?s=96&d=mm&r=g\",\"caption\":\"dizabil.eu\"}}]}<\/script>\n<!-- \/ Yoast SEO plugin. -->","_links":{"self":[{"href":"https:\/\/dizabil.eu\/accesibilizare\/wp-json\/wp\/v2\/posts\/1263"}],"collection":[{"href":"https:\/\/dizabil.eu\/accesibilizare\/wp-json\/wp\/v2\/posts"}],"about":[{"href":"https:\/\/dizabil.eu\/accesibilizare\/wp-json\/wp\/v2\/types\/post"}],"author":[{"embeddable":true,"href":"https:\/\/dizabil.eu\/accesibilizare\/wp-json\/wp\/v2\/users\/1"}],"replies":[{"embeddable":true,"href":"https:\/\/dizabil.eu\/accesibilizare\/wp-json\/wp\/v2\/comments?post=1263"}],"version-history":[{"count":1,"href":"https:\/\/dizabil.eu\/accesibilizare\/wp-json\/wp\/v2\/posts\/1263\/revisions"}],"predecessor-version":[{"id":1264,"href":"https:\/\/dizabil.eu\/accesibilizare\/wp-json\/wp\/v2\/posts\/1263\/revisions\/1264"}],"wp:attachment":[{"href":"https:\/\/dizabil.eu\/accesibilizare\/wp-json\/wp\/v2\/media?parent=1263"}],"wp:term":[{"taxonomy":"category","embeddable":true,"href":"https:\/\/dizabil.eu\/accesibilizare\/wp-json\/wp\/v2\/categories?post=1263"},{"taxonomy":"post_tag","embeddable":true,"href":"https:\/\/dizabil.eu\/accesibilizare\/wp-json\/wp\/v2\/tags?post=1263"}],"curies":[{"name":"wp","href":"https:\/\/api.w.org\/{rel}","templated":true}]}}