{"id":1532,"date":"2021-09-24T07:24:58","date_gmt":"2021-09-24T07:24:58","guid":{"rendered":"https:\/\/dizabil.eu\/accesibilizare\/?p=1532"},"modified":"2021-09-24T07:24:58","modified_gmt":"2021-09-24T07:24:58","slug":"zen-b-dul-unirii-3-focsani-neaccesibilizat","status":"publish","type":"post","link":"https:\/\/dizabil.eu\/accesibilizare\/zen-b-dul-unirii-3-focsani-neaccesibilizat\/","title":{"rendered":"Zen, B-dul Unirii 3, Foc\u0219ani. Neaccesibilizat"},"content":{"rendered":"<p>Nu exist\u0103 ramp\u0103 care s\u0103 permit\u0103 accesul \u00een interior.<\/p>\n<p><img loading=\"lazy\" decoding=\"async\" class=\"alignnone size-medium wp-image-1533\" src=\"http:\/\/dizabil.eu\/accesibilizare\/wp-content\/uploads\/2021\/09\/Zen-Bulevardul-Unirii-3-450x338.jpg\" alt=\"\" width=\"450\" height=\"338\" srcset=\"https:\/\/dizabil.eu\/accesibilizare\/wp-content\/uploads\/2021\/09\/Zen-Bulevardul-Unirii-3-450x338.jpg 450w, https:\/\/dizabil.eu\/accesibilizare\/wp-content\/uploads\/2021\/09\/Zen-Bulevardul-Unirii-3-1024x768.jpg 1024w, https:\/\/dizabil.eu\/accesibilizare\/wp-content\/uploads\/2021\/09\/Zen-Bulevardul-Unirii-3-768x576.jpg 768w, https:\/\/dizabil.eu\/accesibilizare\/wp-content\/uploads\/2021\/09\/Zen-Bulevardul-Unirii-3-1536x1152.jpg 1536w, https:\/\/dizabil.eu\/accesibilizare\/wp-content\/uploads\/2021\/09\/Zen-Bulevardul-Unirii-3-2048x1536.jpg 2048w\" sizes=\"(max-width: 450px) 100vw, 450px\" \/><\/p>\n","protected":false},"excerpt":{"rendered":"<p>Nu exist\u0103 ramp\u0103 care s\u0103 permit\u0103 accesul \u00een interior.<\/p>\n","protected":false},"author":1,"featured_media":1533,"comment_status":"closed","ping_status":"open","sticky":false,"template":"","format":"standard","meta":{"cybocfi_hide_featured_image":"yes","footnotes":""},"categories":[9],"tags":[14],"yoast_head":"<!-- This site is optimized with the Yoast SEO plugin v16.0.2 - https:\/\/yoast.com\/wordpress\/plugins\/seo\/ -->\n<title>Zen, B-dul Unirii 3, Foc\u0219ani. Neaccesibilizat -<\/title>\n<link rel=\"canonical\" href=\"http:\/\/dizabil.eu\/accesibilizare\/zen-b-dul-unirii-3-focsani-neaccesibilizat\/\" \/>\n<meta property=\"og:locale\" content=\"ro_RO\" \/>\n<meta property=\"og:type\" content=\"article\" \/>\n<meta property=\"og:title\" content=\"Zen, B-dul Unirii 3, Foc\u0219ani. Neaccesibilizat -\" \/>\n<meta property=\"og:description\" content=\"Nu exist\u0103 ramp\u0103 care s\u0103 permit\u0103 accesul \u00een interior.\" \/>\n<meta property=\"og:url\" content=\"http:\/\/dizabil.eu\/accesibilizare\/zen-b-dul-unirii-3-focsani-neaccesibilizat\/\" \/>\n<meta property=\"article:published_time\" content=\"2021-09-24T07:24:58+00:00\" \/>\n<meta property=\"og:image\" content=\"https:\/\/dizabil.eu\/accesibilizare\/wp-content\/uploads\/2021\/09\/Zen-Bulevardul-Unirii-3-scaled.jpg\" \/>\n\t<meta property=\"og:image:width\" content=\"2560\" \/>\n\t<meta property=\"og:image:height\" content=\"1920\" \/>\n<meta name=\"twitter:card\" content=\"summary_large_image\" \/>\n<meta name=\"twitter:label1\" content=\"Timp estimat pentru citire\">\n\t<meta name=\"twitter:data1\" content=\"1 minut\">\n<script type=\"application\/ld+json\" class=\"yoast-schema-graph\">{\"@context\":\"https:\/\/schema.org\",\"@graph\":[{\"@type\":\"WebSite\",\"@id\":\"https:\/\/dizabil.eu\/accesibilizare\/#website\",\"url\":\"https:\/\/dizabil.eu\/accesibilizare\/\",\"name\":\"\",\"description\":\"site destinat persoanelor cu dizabilitati\",\"potentialAction\":[{\"@type\":\"SearchAction\",\"target\":\"https:\/\/dizabil.eu\/accesibilizare\/?s={search_term_string}\",\"query-input\":\"required name=search_term_string\"}],\"inLanguage\":\"ro-RO\"},{\"@type\":\"ImageObject\",\"@id\":\"http:\/\/dizabil.eu\/accesibilizare\/zen-b-dul-unirii-3-focsani-neaccesibilizat\/#primaryimage\",\"inLanguage\":\"ro-RO\",\"url\":\"https:\/\/dizabil.eu\/accesibilizare\/wp-content\/uploads\/2021\/09\/Zen-Bulevardul-Unirii-3-scaled.jpg\",\"width\":2560,\"height\":1920},{\"@type\":\"WebPage\",\"@id\":\"http:\/\/dizabil.eu\/accesibilizare\/zen-b-dul-unirii-3-focsani-neaccesibilizat\/#webpage\",\"url\":\"http:\/\/dizabil.eu\/accesibilizare\/zen-b-dul-unirii-3-focsani-neaccesibilizat\/\",\"name\":\"Zen, B-dul Unirii 3, Foc\\u0219ani. Neaccesibilizat -\",\"isPartOf\":{\"@id\":\"https:\/\/dizabil.eu\/accesibilizare\/#website\"},\"primaryImageOfPage\":{\"@id\":\"http:\/\/dizabil.eu\/accesibilizare\/zen-b-dul-unirii-3-focsani-neaccesibilizat\/#primaryimage\"},\"datePublished\":\"2021-09-24T07:24:58+00:00\",\"dateModified\":\"2021-09-24T07:24:58+00:00\",\"author\":{\"@id\":\"https:\/\/dizabil.eu\/accesibilizare\/#\/schema\/person\/731b609814235cdcc9c8ca1ca26fc286\"},\"breadcrumb\":{\"@id\":\"http:\/\/dizabil.eu\/accesibilizare\/zen-b-dul-unirii-3-focsani-neaccesibilizat\/#breadcrumb\"},\"inLanguage\":\"ro-RO\",\"potentialAction\":[{\"@type\":\"ReadAction\",\"target\":[\"http:\/\/dizabil.eu\/accesibilizare\/zen-b-dul-unirii-3-focsani-neaccesibilizat\/\"]}]},{\"@type\":\"BreadcrumbList\",\"@id\":\"http:\/\/dizabil.eu\/accesibilizare\/zen-b-dul-unirii-3-focsani-neaccesibilizat\/#breadcrumb\",\"itemListElement\":[{\"@type\":\"ListItem\",\"position\":1,\"item\":{\"@type\":\"WebPage\",\"@id\":\"https:\/\/dizabil.eu\/accesibilizare\/\",\"url\":\"https:\/\/dizabil.eu\/accesibilizare\/\",\"name\":\"Prima pagin\\u0103\"}},{\"@type\":\"ListItem\",\"position\":2,\"item\":{\"@type\":\"WebPage\",\"@id\":\"http:\/\/dizabil.eu\/accesibilizare\/zen-b-dul-unirii-3-focsani-neaccesibilizat\/\",\"url\":\"http:\/\/dizabil.eu\/accesibilizare\/zen-b-dul-unirii-3-focsani-neaccesibilizat\/\",\"name\":\"Zen, B-dul Unirii 3, Foc\\u0219ani. Neaccesibilizat\"}}]},{\"@type\":\"Person\",\"@id\":\"https:\/\/dizabil.eu\/accesibilizare\/#\/schema\/person\/731b609814235cdcc9c8ca1ca26fc286\",\"name\":\"dizabil.eu\",\"image\":{\"@type\":\"ImageObject\",\"@id\":\"https:\/\/dizabil.eu\/accesibilizare\/#personlogo\",\"inLanguage\":\"ro-RO\",\"url\":\"https:\/\/secure.gravatar.com\/avatar\/7256dad9e42e1b0eda0730bb808024bd?s=96&d=mm&r=g\",\"caption\":\"dizabil.eu\"}}]}<\/script>\n<!-- \/ Yoast SEO plugin. -->","_links":{"self":[{"href":"https:\/\/dizabil.eu\/accesibilizare\/wp-json\/wp\/v2\/posts\/1532"}],"collection":[{"href":"https:\/\/dizabil.eu\/accesibilizare\/wp-json\/wp\/v2\/posts"}],"about":[{"href":"https:\/\/dizabil.eu\/accesibilizare\/wp-json\/wp\/v2\/types\/post"}],"author":[{"embeddable":true,"href":"https:\/\/dizabil.eu\/accesibilizare\/wp-json\/wp\/v2\/users\/1"}],"replies":[{"embeddable":true,"href":"https:\/\/dizabil.eu\/accesibilizare\/wp-json\/wp\/v2\/comments?post=1532"}],"version-history":[{"count":2,"href":"https:\/\/dizabil.eu\/accesibilizare\/wp-json\/wp\/v2\/posts\/1532\/revisions"}],"predecessor-version":[{"id":1535,"href":"https:\/\/dizabil.eu\/accesibilizare\/wp-json\/wp\/v2\/posts\/1532\/revisions\/1535"}],"wp:featuredmedia":[{"embeddable":true,"href":"https:\/\/dizabil.eu\/accesibilizare\/wp-json\/wp\/v2\/media\/1533"}],"wp:attachment":[{"href":"https:\/\/dizabil.eu\/accesibilizare\/wp-json\/wp\/v2\/media?parent=1532"}],"wp:term":[{"taxonomy":"category","embeddable":true,"href":"https:\/\/dizabil.eu\/accesibilizare\/wp-json\/wp\/v2\/categories?post=1532"},{"taxonomy":"post_tag","embeddable":true,"href":"https:\/\/dizabil.eu\/accesibilizare\/wp-json\/wp\/v2\/tags?post=1532"}],"curies":[{"name":"wp","href":"https:\/\/api.w.org\/{rel}","templated":true}]}}