{"id":291,"date":"2021-04-08T14:59:05","date_gmt":"2021-04-08T14:59:05","guid":{"rendered":"http:\/\/dizabil.eu\/accesibilizare\/?p=291"},"modified":"2021-08-29T17:30:12","modified_gmt":"2021-08-29T17:30:12","slug":"casa-judeteana-de-pensii-vrancea-bd-brailei-nr-3-bis","status":"publish","type":"post","link":"https:\/\/dizabil.eu\/accesibilizare\/casa-judeteana-de-pensii-vrancea-bd-brailei-nr-3-bis\/","title":{"rendered":"Casa Judetean\u0103 de Pensii Vrancea | A.J.O.F.M. | A.J.P.I.S., Bd Br\u0103ilei nr. 3 bis."},"content":{"rendered":"<p><strong><span style=\"color: #ff00ff; font-size: 16pt;\">Partial Accesibilizat<\/span><\/strong><\/p>\n<p><span style=\"font-weight: 400;\">Exist\u0103 o ramp\u0103 practicabil\u0103 <br \/>\n<\/span><span style=\"font-weight: 400;\">Accesul este nerestric\u021bionat doar la parter<br \/>\nPentru birourile de la etaj coboar\u0103 un func\u021bionar care ofer\u0103 ajutor <\/span><\/p>\n<p><img loading=\"lazy\" decoding=\"async\" class=\"alignnone wp-image-754 size-medium\" src=\"http:\/\/dizabil.eu\/accesibilizare\/wp-content\/uploads\/2021\/04\/Casa-Judeteana-de-Pensii-Vrancea-Bd-Brailei-3-450x344.jpg\" alt=\"\" width=\"450\" height=\"344\" srcset=\"https:\/\/dizabil.eu\/accesibilizare\/wp-content\/uploads\/2021\/04\/Casa-Judeteana-de-Pensii-Vrancea-Bd-Brailei-3-450x344.jpg 450w, https:\/\/dizabil.eu\/accesibilizare\/wp-content\/uploads\/2021\/04\/Casa-Judeteana-de-Pensii-Vrancea-Bd-Brailei-3-1024x783.jpg 1024w, https:\/\/dizabil.eu\/accesibilizare\/wp-content\/uploads\/2021\/04\/Casa-Judeteana-de-Pensii-Vrancea-Bd-Brailei-3-768x587.jpg 768w, https:\/\/dizabil.eu\/accesibilizare\/wp-content\/uploads\/2021\/04\/Casa-Judeteana-de-Pensii-Vrancea-Bd-Brailei-3.jpg 1200w\" sizes=\"(max-width: 450px) 100vw, 450px\" \/><\/p>\n<p><a href=\"http:\/\/dizabil.eu\/accesibilizare\/wp-content\/uploads\/2021\/04\/Casa-Judeteana-de-Pensii-Vrancea-Bd-Brailei-3-r.jpg\"><img loading=\"lazy\" decoding=\"async\" class=\"alignnone wp-image-755 size-medium\" src=\"http:\/\/dizabil.eu\/accesibilizare\/wp-content\/uploads\/2021\/04\/Casa-Judeteana-de-Pensii-Vrancea-Bd-Brailei-3-r-338x450.jpg\" alt=\"\" width=\"338\" height=\"450\" srcset=\"https:\/\/dizabil.eu\/accesibilizare\/wp-content\/uploads\/2021\/04\/Casa-Judeteana-de-Pensii-Vrancea-Bd-Brailei-3-r-338x450.jpg 338w, https:\/\/dizabil.eu\/accesibilizare\/wp-content\/uploads\/2021\/04\/Casa-Judeteana-de-Pensii-Vrancea-Bd-Brailei-3-r-768x1024.jpg 768w, https:\/\/dizabil.eu\/accesibilizare\/wp-content\/uploads\/2021\/04\/Casa-Judeteana-de-Pensii-Vrancea-Bd-Brailei-3-r.jpg 900w\" sizes=\"(max-width: 338px) 100vw, 338px\" \/><\/a><\/p>\n<p><iframe loading=\"lazy\" style=\"border: 0;\" src=\"https:\/\/www.google.com\/maps\/embed?pb=!1m18!1m12!1m3!1d2786.8596204142536!2d27.18678325703696!3d45.6937891113571!2m3!1f0!2f0!3f0!3m2!1i1024!2i768!4f13.1!3m3!1m2!1s0x40b419f6355b3589%3A0xce06521e5727cf88!2sCasa%20Jude%C8%9Bean%C4%83%20De%20Pensii%20Foc%C8%99ani!5e0!3m2!1sro!2sro!4v1617893422801!5m2!1sro!2sro\" width=\"1100\" height=\"450\" allowfullscreen=\"allowfullscreen\"><\/iframe><\/p>\n","protected":false},"excerpt":{"rendered":"<p>Partial Accesibilizat Exist\u0103 o ramp\u0103 practicabil\u0103 Accesul este nerestric\u021bionat doar la parter Pentru birourile de la etaj coboar\u0103 un func\u021bionar care ofer\u0103 ajutor<\/p>\n","protected":false},"author":1,"featured_media":754,"comment_status":"closed","ping_status":"open","sticky":false,"template":"","format":"standard","meta":{"cybocfi_hide_featured_image":"yes","footnotes":""},"categories":[2],"tags":[15],"yoast_head":"<!-- This site is optimized with the Yoast SEO plugin v16.0.2 - https:\/\/yoast.com\/wordpress\/plugins\/seo\/ -->\n<title>Casa Judetean\u0103 de Pensii Vrancea | A.J.O.F.M. | A.J.P.I.S., Bd Br\u0103ilei nr. 3 bis. -<\/title>\n<link rel=\"canonical\" href=\"http:\/\/dizabil.eu\/accesibilizare\/casa-judeteana-de-pensii-vrancea-bd-brailei-nr-3-bis\/\" \/>\n<meta property=\"og:locale\" content=\"ro_RO\" \/>\n<meta property=\"og:type\" content=\"article\" \/>\n<meta property=\"og:title\" content=\"Casa Judetean\u0103 de Pensii Vrancea | A.J.O.F.M. | A.J.P.I.S., Bd Br\u0103ilei nr. 3 bis. -\" \/>\n<meta property=\"og:description\" content=\"Partial Accesibilizat Exist\u0103 o ramp\u0103 practicabil\u0103 Accesul este nerestric\u021bionat doar la parter Pentru birourile de la etaj coboar\u0103 un func\u021bionar care ofer\u0103 ajutor\" \/>\n<meta property=\"og:url\" content=\"http:\/\/dizabil.eu\/accesibilizare\/casa-judeteana-de-pensii-vrancea-bd-brailei-nr-3-bis\/\" \/>\n<meta property=\"article:published_time\" content=\"2021-04-08T14:59:05+00:00\" \/>\n<meta property=\"article:modified_time\" content=\"2021-08-29T17:30:12+00:00\" \/>\n<meta property=\"og:image\" content=\"https:\/\/dizabil.eu\/accesibilizare\/wp-content\/uploads\/2021\/04\/Casa-Judeteana-de-Pensii-Vrancea-Bd-Brailei-3.jpg\" \/>\n\t<meta property=\"og:image:width\" content=\"1200\" \/>\n\t<meta property=\"og:image:height\" content=\"917\" \/>\n<meta name=\"twitter:card\" content=\"summary_large_image\" \/>\n<meta name=\"twitter:label1\" content=\"Timp estimat pentru citire\">\n\t<meta name=\"twitter:data1\" content=\"1 minut\">\n<script type=\"application\/ld+json\" class=\"yoast-schema-graph\">{\"@context\":\"https:\/\/schema.org\",\"@graph\":[{\"@type\":\"WebSite\",\"@id\":\"https:\/\/dizabil.eu\/accesibilizare\/#website\",\"url\":\"https:\/\/dizabil.eu\/accesibilizare\/\",\"name\":\"\",\"description\":\"site destinat persoanelor cu dizabilitati\",\"potentialAction\":[{\"@type\":\"SearchAction\",\"target\":\"https:\/\/dizabil.eu\/accesibilizare\/?s={search_term_string}\",\"query-input\":\"required name=search_term_string\"}],\"inLanguage\":\"ro-RO\"},{\"@type\":\"ImageObject\",\"@id\":\"http:\/\/dizabil.eu\/accesibilizare\/casa-judeteana-de-pensii-vrancea-bd-brailei-nr-3-bis\/#primaryimage\",\"inLanguage\":\"ro-RO\",\"url\":\"https:\/\/dizabil.eu\/accesibilizare\/wp-content\/uploads\/2021\/04\/Casa-Judeteana-de-Pensii-Vrancea-Bd-Brailei-3.jpg\",\"width\":1200,\"height\":917},{\"@type\":\"WebPage\",\"@id\":\"http:\/\/dizabil.eu\/accesibilizare\/casa-judeteana-de-pensii-vrancea-bd-brailei-nr-3-bis\/#webpage\",\"url\":\"http:\/\/dizabil.eu\/accesibilizare\/casa-judeteana-de-pensii-vrancea-bd-brailei-nr-3-bis\/\",\"name\":\"Casa Judetean\\u0103 de Pensii Vrancea | A.J.O.F.M. | A.J.P.I.S., Bd Br\\u0103ilei nr. 3 bis. -\",\"isPartOf\":{\"@id\":\"https:\/\/dizabil.eu\/accesibilizare\/#website\"},\"primaryImageOfPage\":{\"@id\":\"http:\/\/dizabil.eu\/accesibilizare\/casa-judeteana-de-pensii-vrancea-bd-brailei-nr-3-bis\/#primaryimage\"},\"datePublished\":\"2021-04-08T14:59:05+00:00\",\"dateModified\":\"2021-08-29T17:30:12+00:00\",\"author\":{\"@id\":\"https:\/\/dizabil.eu\/accesibilizare\/#\/schema\/person\/731b609814235cdcc9c8ca1ca26fc286\"},\"breadcrumb\":{\"@id\":\"http:\/\/dizabil.eu\/accesibilizare\/casa-judeteana-de-pensii-vrancea-bd-brailei-nr-3-bis\/#breadcrumb\"},\"inLanguage\":\"ro-RO\",\"potentialAction\":[{\"@type\":\"ReadAction\",\"target\":[\"http:\/\/dizabil.eu\/accesibilizare\/casa-judeteana-de-pensii-vrancea-bd-brailei-nr-3-bis\/\"]}]},{\"@type\":\"BreadcrumbList\",\"@id\":\"http:\/\/dizabil.eu\/accesibilizare\/casa-judeteana-de-pensii-vrancea-bd-brailei-nr-3-bis\/#breadcrumb\",\"itemListElement\":[{\"@type\":\"ListItem\",\"position\":1,\"item\":{\"@type\":\"WebPage\",\"@id\":\"https:\/\/dizabil.eu\/accesibilizare\/\",\"url\":\"https:\/\/dizabil.eu\/accesibilizare\/\",\"name\":\"Prima pagin\\u0103\"}},{\"@type\":\"ListItem\",\"position\":2,\"item\":{\"@type\":\"WebPage\",\"@id\":\"http:\/\/dizabil.eu\/accesibilizare\/casa-judeteana-de-pensii-vrancea-bd-brailei-nr-3-bis\/\",\"url\":\"http:\/\/dizabil.eu\/accesibilizare\/casa-judeteana-de-pensii-vrancea-bd-brailei-nr-3-bis\/\",\"name\":\"Casa Judetean\\u0103 de Pensii Vrancea | A.J.O.F.M. | A.J.P.I.S., Bd Br\\u0103ilei nr. 3 bis.\"}}]},{\"@type\":\"Person\",\"@id\":\"https:\/\/dizabil.eu\/accesibilizare\/#\/schema\/person\/731b609814235cdcc9c8ca1ca26fc286\",\"name\":\"dizabil.eu\",\"image\":{\"@type\":\"ImageObject\",\"@id\":\"https:\/\/dizabil.eu\/accesibilizare\/#personlogo\",\"inLanguage\":\"ro-RO\",\"url\":\"https:\/\/secure.gravatar.com\/avatar\/7256dad9e42e1b0eda0730bb808024bd?s=96&d=mm&r=g\",\"caption\":\"dizabil.eu\"}}]}<\/script>\n<!-- \/ Yoast SEO plugin. -->","_links":{"self":[{"href":"https:\/\/dizabil.eu\/accesibilizare\/wp-json\/wp\/v2\/posts\/291"}],"collection":[{"href":"https:\/\/dizabil.eu\/accesibilizare\/wp-json\/wp\/v2\/posts"}],"about":[{"href":"https:\/\/dizabil.eu\/accesibilizare\/wp-json\/wp\/v2\/types\/post"}],"author":[{"embeddable":true,"href":"https:\/\/dizabil.eu\/accesibilizare\/wp-json\/wp\/v2\/users\/1"}],"replies":[{"embeddable":true,"href":"https:\/\/dizabil.eu\/accesibilizare\/wp-json\/wp\/v2\/comments?post=291"}],"version-history":[{"count":4,"href":"https:\/\/dizabil.eu\/accesibilizare\/wp-json\/wp\/v2\/posts\/291\/revisions"}],"predecessor-version":[{"id":757,"href":"https:\/\/dizabil.eu\/accesibilizare\/wp-json\/wp\/v2\/posts\/291\/revisions\/757"}],"wp:featuredmedia":[{"embeddable":true,"href":"https:\/\/dizabil.eu\/accesibilizare\/wp-json\/wp\/v2\/media\/754"}],"wp:attachment":[{"href":"https:\/\/dizabil.eu\/accesibilizare\/wp-json\/wp\/v2\/media?parent=291"}],"wp:term":[{"taxonomy":"category","embeddable":true,"href":"https:\/\/dizabil.eu\/accesibilizare\/wp-json\/wp\/v2\/categories?post=291"},{"taxonomy":"post_tag","embeddable":true,"href":"https:\/\/dizabil.eu\/accesibilizare\/wp-json\/wp\/v2\/tags?post=291"}],"curies":[{"name":"wp","href":"https:\/\/api.w.org\/{rel}","templated":true}]}}