{"id":294,"date":"2021-04-09T19:11:53","date_gmt":"2021-04-09T19:11:53","guid":{"rendered":"http:\/\/dizabil.eu\/accesibilizare\/?p=294"},"modified":"2021-09-03T15:55:35","modified_gmt":"2021-09-03T15:55:35","slug":"lidl-focsani-piata-victoriei","status":"publish","type":"post","link":"https:\/\/dizabil.eu\/accesibilizare\/lidl-focsani-piata-victoriei\/","title":{"rendered":"Lidl Focsani, Pia\u021ba Victoriei. Accesibilizat"},"content":{"rendered":"<p>Are parcare destinat\u0103 persoanelor cu dizabilit\u0103\u021bi.<br \/>\n<span style=\"font-weight: 400;\">Este amplasat la nivelul solului. Nu este necesar\u0103 o ramp\u0103.\u00a0<br \/>\n<\/span><span style=\"font-weight: 400;\">Accesul \u00een interior nu este restric\u021bionat.\u00a0<br \/>\n<\/span><span style=\"font-weight: 400;\">Nu exist\u0103 toalet\u0103 accesibilizat\u0103.<\/span><\/p>\n<p><a href=\"https:\/\/goo.gl\/maps\/iirNaE6qbfW5shxC9\" target=\"_blank\" rel=\"noopener\"><img loading=\"lazy\" decoding=\"async\" class=\"alignnone wp-image-953 size-medium\" src=\"http:\/\/dizabil.eu\/accesibilizare\/wp-content\/uploads\/2021\/04\/Lidl-Focsani-Piata-Victoriei-450x300.jpg\" alt=\"\" width=\"450\" height=\"300\" srcset=\"https:\/\/dizabil.eu\/accesibilizare\/wp-content\/uploads\/2021\/04\/Lidl-Focsani-Piata-Victoriei-450x300.jpg 450w, https:\/\/dizabil.eu\/accesibilizare\/wp-content\/uploads\/2021\/04\/Lidl-Focsani-Piata-Victoriei-1024x683.jpg 1024w, https:\/\/dizabil.eu\/accesibilizare\/wp-content\/uploads\/2021\/04\/Lidl-Focsani-Piata-Victoriei-768x512.jpg 768w, https:\/\/dizabil.eu\/accesibilizare\/wp-content\/uploads\/2021\/04\/Lidl-Focsani-Piata-Victoriei-300x200.jpg 300w, https:\/\/dizabil.eu\/accesibilizare\/wp-content\/uploads\/2021\/04\/Lidl-Focsani-Piata-Victoriei.jpg 1200w\" sizes=\"(max-width: 450px) 100vw, 450px\" \/><\/a><\/p>\n<p>&nbsp;<\/p>\n<p><iframe loading=\"lazy\" style=\"border: 0;\" src=\"https:\/\/www.google.com\/maps\/embed?pb=!1m14!1m8!1m3!1d2326.733388559992!2d27.179830689410394!3d45.69060131880299!3m2!1i1024!2i768!4f13.1!3m3!1m2!1s0x40b418bb1d3a282f%3A0x480b2adc99d14517!2sLidl!5e0!3m2!1sro!2sro!4v1618029823599!5m2!1sro!2sro\" width=\"1100\" height=\"450\" allowfullscreen=\"allowfullscreen\"><\/iframe><\/p>\n","protected":false},"excerpt":{"rendered":"<p>Are parcare destinat\u0103 persoanelor cu dizabilit\u0103\u021bi. Este amplasat la nivelul solului. Nu este necesar\u0103 o ramp\u0103.\u00a0 Accesul \u00een interior nu este restric\u021bionat.\u00a0 Nu exist\u0103 toalet\u0103 accesibilizat\u0103. &nbsp;<\/p>\n","protected":false},"author":1,"featured_media":953,"comment_status":"closed","ping_status":"open","sticky":false,"template":"","format":"standard","meta":{"cybocfi_hide_featured_image":"yes","footnotes":""},"categories":[11],"tags":[12],"yoast_head":"<!-- This site is optimized with the Yoast SEO plugin v16.0.2 - https:\/\/yoast.com\/wordpress\/plugins\/seo\/ -->\n<title>Lidl Focsani, Pia\u021ba Victoriei. Accesibilizat -<\/title>\n<link rel=\"canonical\" href=\"https:\/\/dizabil.eu\/accesibilizare\/lidl-focsani-piata-victoriei\/\" \/>\n<meta property=\"og:locale\" content=\"ro_RO\" \/>\n<meta property=\"og:type\" content=\"article\" \/>\n<meta property=\"og:title\" content=\"Lidl Focsani, Pia\u021ba Victoriei. Accesibilizat -\" \/>\n<meta property=\"og:description\" content=\"Are parcare destinat\u0103 persoanelor cu dizabilit\u0103\u021bi. Este amplasat la nivelul solului. Nu este necesar\u0103 o ramp\u0103.\u00a0 Accesul \u00een interior nu este restric\u021bionat.\u00a0 Nu exist\u0103 toalet\u0103 accesibilizat\u0103. &nbsp;\" \/>\n<meta property=\"og:url\" content=\"https:\/\/dizabil.eu\/accesibilizare\/lidl-focsani-piata-victoriei\/\" \/>\n<meta property=\"article:published_time\" content=\"2021-04-09T19:11:53+00:00\" \/>\n<meta property=\"article:modified_time\" content=\"2021-09-03T15:55:35+00:00\" \/>\n<meta property=\"og:image\" content=\"https:\/\/dizabil.eu\/accesibilizare\/wp-content\/uploads\/2021\/04\/Lidl-Focsani-Piata-Victoriei.jpg\" \/>\n\t<meta property=\"og:image:width\" content=\"1200\" \/>\n\t<meta property=\"og:image:height\" content=\"800\" \/>\n<meta name=\"twitter:card\" content=\"summary_large_image\" \/>\n<meta name=\"twitter:label1\" content=\"Timp estimat pentru citire\">\n\t<meta name=\"twitter:data1\" content=\"1 minut\">\n<script type=\"application\/ld+json\" class=\"yoast-schema-graph\">{\"@context\":\"https:\/\/schema.org\",\"@graph\":[{\"@type\":\"WebSite\",\"@id\":\"https:\/\/dizabil.eu\/accesibilizare\/#website\",\"url\":\"https:\/\/dizabil.eu\/accesibilizare\/\",\"name\":\"\",\"description\":\"site destinat persoanelor cu dizabilitati\",\"potentialAction\":[{\"@type\":\"SearchAction\",\"target\":\"https:\/\/dizabil.eu\/accesibilizare\/?s={search_term_string}\",\"query-input\":\"required name=search_term_string\"}],\"inLanguage\":\"ro-RO\"},{\"@type\":\"ImageObject\",\"@id\":\"https:\/\/dizabil.eu\/accesibilizare\/lidl-focsani-piata-victoriei\/#primaryimage\",\"inLanguage\":\"ro-RO\",\"url\":\"https:\/\/dizabil.eu\/accesibilizare\/wp-content\/uploads\/2021\/04\/Lidl-Focsani-Piata-Victoriei.jpg\",\"width\":1200,\"height\":800},{\"@type\":\"WebPage\",\"@id\":\"https:\/\/dizabil.eu\/accesibilizare\/lidl-focsani-piata-victoriei\/#webpage\",\"url\":\"https:\/\/dizabil.eu\/accesibilizare\/lidl-focsani-piata-victoriei\/\",\"name\":\"Lidl Focsani, Pia\\u021ba Victoriei. Accesibilizat -\",\"isPartOf\":{\"@id\":\"https:\/\/dizabil.eu\/accesibilizare\/#website\"},\"primaryImageOfPage\":{\"@id\":\"https:\/\/dizabil.eu\/accesibilizare\/lidl-focsani-piata-victoriei\/#primaryimage\"},\"datePublished\":\"2021-04-09T19:11:53+00:00\",\"dateModified\":\"2021-09-03T15:55:35+00:00\",\"author\":{\"@id\":\"https:\/\/dizabil.eu\/accesibilizare\/#\/schema\/person\/731b609814235cdcc9c8ca1ca26fc286\"},\"breadcrumb\":{\"@id\":\"https:\/\/dizabil.eu\/accesibilizare\/lidl-focsani-piata-victoriei\/#breadcrumb\"},\"inLanguage\":\"ro-RO\",\"potentialAction\":[{\"@type\":\"ReadAction\",\"target\":[\"https:\/\/dizabil.eu\/accesibilizare\/lidl-focsani-piata-victoriei\/\"]}]},{\"@type\":\"BreadcrumbList\",\"@id\":\"https:\/\/dizabil.eu\/accesibilizare\/lidl-focsani-piata-victoriei\/#breadcrumb\",\"itemListElement\":[{\"@type\":\"ListItem\",\"position\":1,\"item\":{\"@type\":\"WebPage\",\"@id\":\"https:\/\/dizabil.eu\/accesibilizare\/\",\"url\":\"https:\/\/dizabil.eu\/accesibilizare\/\",\"name\":\"Prima pagin\\u0103\"}},{\"@type\":\"ListItem\",\"position\":2,\"item\":{\"@type\":\"WebPage\",\"@id\":\"https:\/\/dizabil.eu\/accesibilizare\/lidl-focsani-piata-victoriei\/\",\"url\":\"https:\/\/dizabil.eu\/accesibilizare\/lidl-focsani-piata-victoriei\/\",\"name\":\"Lidl Focsani, Pia\\u021ba Victoriei. Accesibilizat\"}}]},{\"@type\":\"Person\",\"@id\":\"https:\/\/dizabil.eu\/accesibilizare\/#\/schema\/person\/731b609814235cdcc9c8ca1ca26fc286\",\"name\":\"dizabil.eu\",\"image\":{\"@type\":\"ImageObject\",\"@id\":\"https:\/\/dizabil.eu\/accesibilizare\/#personlogo\",\"inLanguage\":\"ro-RO\",\"url\":\"https:\/\/secure.gravatar.com\/avatar\/7256dad9e42e1b0eda0730bb808024bd?s=96&d=mm&r=g\",\"caption\":\"dizabil.eu\"}}]}<\/script>\n<!-- \/ Yoast SEO plugin. -->","_links":{"self":[{"href":"https:\/\/dizabil.eu\/accesibilizare\/wp-json\/wp\/v2\/posts\/294"}],"collection":[{"href":"https:\/\/dizabil.eu\/accesibilizare\/wp-json\/wp\/v2\/posts"}],"about":[{"href":"https:\/\/dizabil.eu\/accesibilizare\/wp-json\/wp\/v2\/types\/post"}],"author":[{"embeddable":true,"href":"https:\/\/dizabil.eu\/accesibilizare\/wp-json\/wp\/v2\/users\/1"}],"replies":[{"embeddable":true,"href":"https:\/\/dizabil.eu\/accesibilizare\/wp-json\/wp\/v2\/comments?post=294"}],"version-history":[{"count":10,"href":"https:\/\/dizabil.eu\/accesibilizare\/wp-json\/wp\/v2\/posts\/294\/revisions"}],"predecessor-version":[{"id":954,"href":"https:\/\/dizabil.eu\/accesibilizare\/wp-json\/wp\/v2\/posts\/294\/revisions\/954"}],"wp:featuredmedia":[{"embeddable":true,"href":"https:\/\/dizabil.eu\/accesibilizare\/wp-json\/wp\/v2\/media\/953"}],"wp:attachment":[{"href":"https:\/\/dizabil.eu\/accesibilizare\/wp-json\/wp\/v2\/media?parent=294"}],"wp:term":[{"taxonomy":"category","embeddable":true,"href":"https:\/\/dizabil.eu\/accesibilizare\/wp-json\/wp\/v2\/categories?post=294"},{"taxonomy":"post_tag","embeddable":true,"href":"https:\/\/dizabil.eu\/accesibilizare\/wp-json\/wp\/v2\/tags?post=294"}],"curies":[{"name":"wp","href":"https:\/\/api.w.org\/{rel}","templated":true}]}}