{"id":409,"date":"2021-07-26T18:24:17","date_gmt":"2021-07-26T18:24:17","guid":{"rendered":"https:\/\/dizabil.eu\/accesibilizare\/?p=409"},"modified":"2021-09-03T06:40:05","modified_gmt":"2021-09-03T06:40:05","slug":"velo-park","status":"publish","type":"post","link":"https:\/\/dizabil.eu\/accesibilizare\/velo-park\/","title":{"rendered":"Velo Park, Aleea Stadionului, Foc\u0219ani. Par\u021bial accesibilizat"},"content":{"rendered":"<p>Acces nerestric\u021bionat.<\/p>\n<p>Nu exist\u0103 toalet\u0103 adaptat\u0103 pentru persoanele \u00een fotoliul rulant.<\/p>\n<p>Telefon <span style=\"font-weight: 400;\">0237 620 172<\/span><\/p>\n<p><a href=\"http:\/\/https:\/\/goo.gl\/maps\/jdUmU77DNJNCDBgH6\" target=\"_blank\" rel=\"noopener\"><img loading=\"lazy\" decoding=\"async\" class=\"alignnone wp-image-410 size-medium\" src=\"http:\/\/dizabil.eu\/accesibilizare\/wp-content\/uploads\/2021\/07\/Velo-Park-Focsani-450x253.jpg\" alt=\"\" width=\"450\" height=\"253\" srcset=\"https:\/\/dizabil.eu\/accesibilizare\/wp-content\/uploads\/2021\/07\/Velo-Park-Focsani-450x253.jpg 450w, https:\/\/dizabil.eu\/accesibilizare\/wp-content\/uploads\/2021\/07\/Velo-Park-Focsani-1024x576.jpg 1024w, https:\/\/dizabil.eu\/accesibilizare\/wp-content\/uploads\/2021\/07\/Velo-Park-Focsani-768x432.jpg 768w, https:\/\/dizabil.eu\/accesibilizare\/wp-content\/uploads\/2021\/07\/Velo-Park-Focsani-1110x624.jpg 1110w, https:\/\/dizabil.eu\/accesibilizare\/wp-content\/uploads\/2021\/07\/Velo-Park-Focsani-528x297.jpg 528w, https:\/\/dizabil.eu\/accesibilizare\/wp-content\/uploads\/2021\/07\/Velo-Park-Focsani.jpg 1200w\" sizes=\"(max-width: 450px) 100vw, 450px\" \/><\/a><\/p>\n<p>&nbsp;<\/p>\n<p><iframe loading=\"lazy\" style=\"border: 0;\" src=\"https:\/\/www.google.com\/maps\/embed?pb=!1m14!1m8!1m3!1d5575.492921356858!2d27.174170687280267!3d45.67598992669919!3m2!1i1024!2i768!4f13.1!3m3!1m2!1s0x40b4190013e5abd3%3A0xd12ff5a6c9755f95!2sVelo%20Park%20FOCSANI!5e0!3m2!1sro!2sro!4v1627322161541!5m2!1sro!2sro\" width=\"1100\" height=\"500\" allowfullscreen=\"allowfullscreen\"><\/iframe><\/p>\n","protected":false},"excerpt":{"rendered":"<p>Acces nerestric\u021bionat. Nu exist\u0103 toalet\u0103 adaptat\u0103 pentru persoanele \u00een fotoliul rulant. Telefon 0237 620 172 &nbsp;<\/p>\n","protected":false},"author":1,"featured_media":410,"comment_status":"closed","ping_status":"open","sticky":false,"template":"","format":"standard","meta":{"cybocfi_hide_featured_image":"yes","footnotes":""},"categories":[9],"tags":[15],"yoast_head":"<!-- This site is optimized with the Yoast SEO plugin v16.0.2 - https:\/\/yoast.com\/wordpress\/plugins\/seo\/ -->\n<title>Velo Park, Aleea Stadionului, Foc\u0219ani. Par\u021bial accesibilizat -<\/title>\n<link rel=\"canonical\" href=\"https:\/\/dizabil.eu\/accesibilizare\/velo-park\/\" \/>\n<meta property=\"og:locale\" content=\"ro_RO\" \/>\n<meta property=\"og:type\" content=\"article\" \/>\n<meta property=\"og:title\" content=\"Velo Park, Aleea Stadionului, Foc\u0219ani. Par\u021bial accesibilizat -\" \/>\n<meta property=\"og:description\" content=\"Acces nerestric\u021bionat. Nu exist\u0103 toalet\u0103 adaptat\u0103 pentru persoanele \u00een fotoliul rulant. Telefon 0237 620 172 &nbsp;\" \/>\n<meta property=\"og:url\" content=\"https:\/\/dizabil.eu\/accesibilizare\/velo-park\/\" \/>\n<meta property=\"article:published_time\" content=\"2021-07-26T18:24:17+00:00\" \/>\n<meta property=\"article:modified_time\" content=\"2021-09-03T06:40:05+00:00\" \/>\n<meta property=\"og:image\" content=\"https:\/\/dizabil.eu\/accesibilizare\/wp-content\/uploads\/2021\/07\/Velo-Park-Focsani.jpg\" \/>\n\t<meta property=\"og:image:width\" content=\"1200\" \/>\n\t<meta property=\"og:image:height\" content=\"675\" \/>\n<meta name=\"twitter:card\" content=\"summary_large_image\" \/>\n<meta name=\"twitter:label1\" content=\"Timp estimat pentru citire\">\n\t<meta name=\"twitter:data1\" content=\"1 minut\">\n<script type=\"application\/ld+json\" class=\"yoast-schema-graph\">{\"@context\":\"https:\/\/schema.org\",\"@graph\":[{\"@type\":\"WebSite\",\"@id\":\"https:\/\/dizabil.eu\/accesibilizare\/#website\",\"url\":\"https:\/\/dizabil.eu\/accesibilizare\/\",\"name\":\"\",\"description\":\"site destinat persoanelor cu dizabilitati\",\"potentialAction\":[{\"@type\":\"SearchAction\",\"target\":\"https:\/\/dizabil.eu\/accesibilizare\/?s={search_term_string}\",\"query-input\":\"required name=search_term_string\"}],\"inLanguage\":\"ro-RO\"},{\"@type\":\"ImageObject\",\"@id\":\"https:\/\/dizabil.eu\/accesibilizare\/velo-park\/#primaryimage\",\"inLanguage\":\"ro-RO\",\"url\":\"https:\/\/dizabil.eu\/accesibilizare\/wp-content\/uploads\/2021\/07\/Velo-Park-Focsani.jpg\",\"width\":1200,\"height\":675},{\"@type\":\"WebPage\",\"@id\":\"https:\/\/dizabil.eu\/accesibilizare\/velo-park\/#webpage\",\"url\":\"https:\/\/dizabil.eu\/accesibilizare\/velo-park\/\",\"name\":\"Velo Park, Aleea Stadionului, Foc\\u0219ani. Par\\u021bial accesibilizat -\",\"isPartOf\":{\"@id\":\"https:\/\/dizabil.eu\/accesibilizare\/#website\"},\"primaryImageOfPage\":{\"@id\":\"https:\/\/dizabil.eu\/accesibilizare\/velo-park\/#primaryimage\"},\"datePublished\":\"2021-07-26T18:24:17+00:00\",\"dateModified\":\"2021-09-03T06:40:05+00:00\",\"author\":{\"@id\":\"https:\/\/dizabil.eu\/accesibilizare\/#\/schema\/person\/731b609814235cdcc9c8ca1ca26fc286\"},\"breadcrumb\":{\"@id\":\"https:\/\/dizabil.eu\/accesibilizare\/velo-park\/#breadcrumb\"},\"inLanguage\":\"ro-RO\",\"potentialAction\":[{\"@type\":\"ReadAction\",\"target\":[\"https:\/\/dizabil.eu\/accesibilizare\/velo-park\/\"]}]},{\"@type\":\"BreadcrumbList\",\"@id\":\"https:\/\/dizabil.eu\/accesibilizare\/velo-park\/#breadcrumb\",\"itemListElement\":[{\"@type\":\"ListItem\",\"position\":1,\"item\":{\"@type\":\"WebPage\",\"@id\":\"https:\/\/dizabil.eu\/accesibilizare\/\",\"url\":\"https:\/\/dizabil.eu\/accesibilizare\/\",\"name\":\"Prima pagin\\u0103\"}},{\"@type\":\"ListItem\",\"position\":2,\"item\":{\"@type\":\"WebPage\",\"@id\":\"https:\/\/dizabil.eu\/accesibilizare\/velo-park\/\",\"url\":\"https:\/\/dizabil.eu\/accesibilizare\/velo-park\/\",\"name\":\"Velo Park, Aleea Stadionului, Foc\\u0219ani. Par\\u021bial accesibilizat\"}}]},{\"@type\":\"Person\",\"@id\":\"https:\/\/dizabil.eu\/accesibilizare\/#\/schema\/person\/731b609814235cdcc9c8ca1ca26fc286\",\"name\":\"dizabil.eu\",\"image\":{\"@type\":\"ImageObject\",\"@id\":\"https:\/\/dizabil.eu\/accesibilizare\/#personlogo\",\"inLanguage\":\"ro-RO\",\"url\":\"https:\/\/secure.gravatar.com\/avatar\/7256dad9e42e1b0eda0730bb808024bd?s=96&d=mm&r=g\",\"caption\":\"dizabil.eu\"}}]}<\/script>\n<!-- \/ Yoast SEO plugin. -->","_links":{"self":[{"href":"https:\/\/dizabil.eu\/accesibilizare\/wp-json\/wp\/v2\/posts\/409"}],"collection":[{"href":"https:\/\/dizabil.eu\/accesibilizare\/wp-json\/wp\/v2\/posts"}],"about":[{"href":"https:\/\/dizabil.eu\/accesibilizare\/wp-json\/wp\/v2\/types\/post"}],"author":[{"embeddable":true,"href":"https:\/\/dizabil.eu\/accesibilizare\/wp-json\/wp\/v2\/users\/1"}],"replies":[{"embeddable":true,"href":"https:\/\/dizabil.eu\/accesibilizare\/wp-json\/wp\/v2\/comments?post=409"}],"version-history":[{"count":5,"href":"https:\/\/dizabil.eu\/accesibilizare\/wp-json\/wp\/v2\/posts\/409\/revisions"}],"predecessor-version":[{"id":886,"href":"https:\/\/dizabil.eu\/accesibilizare\/wp-json\/wp\/v2\/posts\/409\/revisions\/886"}],"wp:featuredmedia":[{"embeddable":true,"href":"https:\/\/dizabil.eu\/accesibilizare\/wp-json\/wp\/v2\/media\/410"}],"wp:attachment":[{"href":"https:\/\/dizabil.eu\/accesibilizare\/wp-json\/wp\/v2\/media?parent=409"}],"wp:term":[{"taxonomy":"category","embeddable":true,"href":"https:\/\/dizabil.eu\/accesibilizare\/wp-json\/wp\/v2\/categories?post=409"},{"taxonomy":"post_tag","embeddable":true,"href":"https:\/\/dizabil.eu\/accesibilizare\/wp-json\/wp\/v2\/tags?post=409"}],"curies":[{"name":"wp","href":"https:\/\/api.w.org\/{rel}","templated":true}]}}