{"id":467,"date":"2021-07-29T15:07:17","date_gmt":"2021-07-29T15:07:17","guid":{"rendered":"https:\/\/dizabil.eu\/accesibilizare\/?p=467"},"modified":"2021-09-05T13:33:50","modified_gmt":"2021-09-05T13:33:50","slug":"scoala-nicolae-iorga-aleea-1-iunie-focsani","status":"publish","type":"post","link":"https:\/\/dizabil.eu\/accesibilizare\/scoala-nicolae-iorga-aleea-1-iunie-focsani\/","title":{"rendered":"\u0218coala Nicolae Iorga, Aleea 1 Iunie, Foc\u0219ani"},"content":{"rendered":"<p><!--  \n\n\n\n\n<p><strong><span style=\"color: #ff00ff; font-size: 14pt;\">Partial Accesibilizat<\/span><\/strong><\/p>\n\n\n\n\n--><\/p>\n<p>Exist\u0103 ramp\u0103.<br \/>\nAccesul este posibil doar la parter.<br \/>\nNu exist\u0103 toalet\u0103 accesibilizat\u0103.<\/p>\n<p><a href=\"https:\/\/goo.gl\/maps\/e9mA8o4o1MFnnP3M6\" target=\"_blank\" rel=\"noopener\"><img loading=\"lazy\" decoding=\"async\" class=\"alignnone wp-image-989 size-medium\" src=\"http:\/\/dizabil.eu\/accesibilizare\/wp-content\/uploads\/2021\/07\/Scoala-Nicolae-Iorga-Focsani-450x338.jpeg\" alt=\"\" width=\"450\" height=\"338\" srcset=\"https:\/\/dizabil.eu\/accesibilizare\/wp-content\/uploads\/2021\/07\/Scoala-Nicolae-Iorga-Focsani-450x338.jpeg 450w, https:\/\/dizabil.eu\/accesibilizare\/wp-content\/uploads\/2021\/07\/Scoala-Nicolae-Iorga-Focsani-1024x768.jpeg 1024w, https:\/\/dizabil.eu\/accesibilizare\/wp-content\/uploads\/2021\/07\/Scoala-Nicolae-Iorga-Focsani-768x576.jpeg 768w, https:\/\/dizabil.eu\/accesibilizare\/wp-content\/uploads\/2021\/07\/Scoala-Nicolae-Iorga-Focsani-1536x1152.jpeg 1536w, https:\/\/dizabil.eu\/accesibilizare\/wp-content\/uploads\/2021\/07\/Scoala-Nicolae-Iorga-Focsani.jpeg 2048w\" sizes=\"(max-width: 450px) 100vw, 450px\" \/><\/a><\/p>\n<p>&nbsp;<\/p>\n<p><iframe loading=\"lazy\" style=\"border: 0;\" src=\"https:\/\/www.google.com\/maps\/embed?pb=!1m18!1m12!1m3!1d2787.6026671105888!2d27.179284615564693!3d45.6788762791041!2m3!1f0!2f0!3f0!3m2!1i1024!2i768!4f13.1!3m3!1m2!1s0x40b418c9f6fdc793%3A0x4cc7b9203e6b7ebc!2sScoala%20Gimnaziala%20Nicolae%20Iorga!5e0!3m2!1sro!2sro!4v1627570924891!5m2!1sro!2sro\" width=\"1100\" height=\"500\" allowfullscreen=\"allowfullscreen\"><\/iframe><\/p>\n","protected":false},"excerpt":{"rendered":"<p>Exist\u0103 ramp\u0103. Accesul este posibil doar la parter. Nu exist\u0103 toalet\u0103 accesibilizat\u0103. &nbsp;<\/p>\n","protected":false},"author":1,"featured_media":989,"comment_status":"closed","ping_status":"open","sticky":false,"template":"","format":"standard","meta":{"cybocfi_hide_featured_image":"yes","footnotes":""},"categories":[4],"tags":[],"yoast_head":"<!-- This site is optimized with the Yoast SEO plugin v16.0.2 - https:\/\/yoast.com\/wordpress\/plugins\/seo\/ -->\n<title>\u0218coala Nicolae Iorga, Aleea 1 Iunie, Foc\u0219ani -<\/title>\n<link rel=\"canonical\" href=\"https:\/\/dizabil.eu\/accesibilizare\/scoala-nicolae-iorga-aleea-1-iunie-focsani\/\" \/>\n<meta property=\"og:locale\" content=\"ro_RO\" \/>\n<meta property=\"og:type\" content=\"article\" \/>\n<meta property=\"og:title\" content=\"\u0218coala Nicolae Iorga, Aleea 1 Iunie, Foc\u0219ani -\" \/>\n<meta property=\"og:description\" content=\"Exist\u0103 ramp\u0103. Accesul este posibil doar la parter. Nu exist\u0103 toalet\u0103 accesibilizat\u0103. &nbsp;\" \/>\n<meta property=\"og:url\" content=\"https:\/\/dizabil.eu\/accesibilizare\/scoala-nicolae-iorga-aleea-1-iunie-focsani\/\" \/>\n<meta property=\"article:published_time\" content=\"2021-07-29T15:07:17+00:00\" \/>\n<meta property=\"article:modified_time\" content=\"2021-09-05T13:33:50+00:00\" \/>\n<meta property=\"og:image\" content=\"https:\/\/dizabil.eu\/accesibilizare\/wp-content\/uploads\/2021\/07\/Scoala-Nicolae-Iorga-Focsani.jpeg\" \/>\n\t<meta property=\"og:image:width\" content=\"2048\" \/>\n\t<meta property=\"og:image:height\" content=\"1536\" \/>\n<meta name=\"twitter:card\" content=\"summary_large_image\" \/>\n<meta name=\"twitter:label1\" content=\"Timp estimat pentru citire\">\n\t<meta name=\"twitter:data1\" content=\"1 minut\">\n<script type=\"application\/ld+json\" class=\"yoast-schema-graph\">{\"@context\":\"https:\/\/schema.org\",\"@graph\":[{\"@type\":\"WebSite\",\"@id\":\"https:\/\/dizabil.eu\/accesibilizare\/#website\",\"url\":\"https:\/\/dizabil.eu\/accesibilizare\/\",\"name\":\"\",\"description\":\"site destinat persoanelor cu dizabilitati\",\"potentialAction\":[{\"@type\":\"SearchAction\",\"target\":\"https:\/\/dizabil.eu\/accesibilizare\/?s={search_term_string}\",\"query-input\":\"required name=search_term_string\"}],\"inLanguage\":\"ro-RO\"},{\"@type\":\"ImageObject\",\"@id\":\"https:\/\/dizabil.eu\/accesibilizare\/scoala-nicolae-iorga-aleea-1-iunie-focsani\/#primaryimage\",\"inLanguage\":\"ro-RO\",\"url\":\"https:\/\/dizabil.eu\/accesibilizare\/wp-content\/uploads\/2021\/07\/Scoala-Nicolae-Iorga-Focsani.jpeg\",\"width\":2048,\"height\":1536},{\"@type\":\"WebPage\",\"@id\":\"https:\/\/dizabil.eu\/accesibilizare\/scoala-nicolae-iorga-aleea-1-iunie-focsani\/#webpage\",\"url\":\"https:\/\/dizabil.eu\/accesibilizare\/scoala-nicolae-iorga-aleea-1-iunie-focsani\/\",\"name\":\"\\u0218coala Nicolae Iorga, Aleea 1 Iunie, Foc\\u0219ani -\",\"isPartOf\":{\"@id\":\"https:\/\/dizabil.eu\/accesibilizare\/#website\"},\"primaryImageOfPage\":{\"@id\":\"https:\/\/dizabil.eu\/accesibilizare\/scoala-nicolae-iorga-aleea-1-iunie-focsani\/#primaryimage\"},\"datePublished\":\"2021-07-29T15:07:17+00:00\",\"dateModified\":\"2021-09-05T13:33:50+00:00\",\"author\":{\"@id\":\"https:\/\/dizabil.eu\/accesibilizare\/#\/schema\/person\/731b609814235cdcc9c8ca1ca26fc286\"},\"breadcrumb\":{\"@id\":\"https:\/\/dizabil.eu\/accesibilizare\/scoala-nicolae-iorga-aleea-1-iunie-focsani\/#breadcrumb\"},\"inLanguage\":\"ro-RO\",\"potentialAction\":[{\"@type\":\"ReadAction\",\"target\":[\"https:\/\/dizabil.eu\/accesibilizare\/scoala-nicolae-iorga-aleea-1-iunie-focsani\/\"]}]},{\"@type\":\"BreadcrumbList\",\"@id\":\"https:\/\/dizabil.eu\/accesibilizare\/scoala-nicolae-iorga-aleea-1-iunie-focsani\/#breadcrumb\",\"itemListElement\":[{\"@type\":\"ListItem\",\"position\":1,\"item\":{\"@type\":\"WebPage\",\"@id\":\"https:\/\/dizabil.eu\/accesibilizare\/\",\"url\":\"https:\/\/dizabil.eu\/accesibilizare\/\",\"name\":\"Prima pagin\\u0103\"}},{\"@type\":\"ListItem\",\"position\":2,\"item\":{\"@type\":\"WebPage\",\"@id\":\"https:\/\/dizabil.eu\/accesibilizare\/scoala-nicolae-iorga-aleea-1-iunie-focsani\/\",\"url\":\"https:\/\/dizabil.eu\/accesibilizare\/scoala-nicolae-iorga-aleea-1-iunie-focsani\/\",\"name\":\"\\u0218coala Nicolae Iorga, Aleea 1 Iunie, Foc\\u0219ani\"}}]},{\"@type\":\"Person\",\"@id\":\"https:\/\/dizabil.eu\/accesibilizare\/#\/schema\/person\/731b609814235cdcc9c8ca1ca26fc286\",\"name\":\"dizabil.eu\",\"image\":{\"@type\":\"ImageObject\",\"@id\":\"https:\/\/dizabil.eu\/accesibilizare\/#personlogo\",\"inLanguage\":\"ro-RO\",\"url\":\"https:\/\/secure.gravatar.com\/avatar\/7256dad9e42e1b0eda0730bb808024bd?s=96&d=mm&r=g\",\"caption\":\"dizabil.eu\"}}]}<\/script>\n<!-- \/ Yoast SEO plugin. -->","_links":{"self":[{"href":"https:\/\/dizabil.eu\/accesibilizare\/wp-json\/wp\/v2\/posts\/467"}],"collection":[{"href":"https:\/\/dizabil.eu\/accesibilizare\/wp-json\/wp\/v2\/posts"}],"about":[{"href":"https:\/\/dizabil.eu\/accesibilizare\/wp-json\/wp\/v2\/types\/post"}],"author":[{"embeddable":true,"href":"https:\/\/dizabil.eu\/accesibilizare\/wp-json\/wp\/v2\/users\/1"}],"replies":[{"embeddable":true,"href":"https:\/\/dizabil.eu\/accesibilizare\/wp-json\/wp\/v2\/comments?post=467"}],"version-history":[{"count":8,"href":"https:\/\/dizabil.eu\/accesibilizare\/wp-json\/wp\/v2\/posts\/467\/revisions"}],"predecessor-version":[{"id":990,"href":"https:\/\/dizabil.eu\/accesibilizare\/wp-json\/wp\/v2\/posts\/467\/revisions\/990"}],"wp:featuredmedia":[{"embeddable":true,"href":"https:\/\/dizabil.eu\/accesibilizare\/wp-json\/wp\/v2\/media\/989"}],"wp:attachment":[{"href":"https:\/\/dizabil.eu\/accesibilizare\/wp-json\/wp\/v2\/media?parent=467"}],"wp:term":[{"taxonomy":"category","embeddable":true,"href":"https:\/\/dizabil.eu\/accesibilizare\/wp-json\/wp\/v2\/categories?post=467"},{"taxonomy":"post_tag","embeddable":true,"href":"https:\/\/dizabil.eu\/accesibilizare\/wp-json\/wp\/v2\/tags?post=467"}],"curies":[{"name":"wp","href":"https:\/\/api.w.org\/{rel}","templated":true}]}}