{"id":503,"date":"2021-07-31T03:18:24","date_gmt":"2021-07-31T03:18:24","guid":{"rendered":"https:\/\/dizabil.eu\/accesibilizare\/?p=503"},"modified":"2021-09-05T13:44:19","modified_gmt":"2021-09-05T13:44:19","slug":"biserica-sf-stefan-cel-mare-si-sf-ierarh-nicolae-capitan-cretu-florin","status":"publish","type":"post","link":"https:\/\/dizabil.eu\/accesibilizare\/biserica-sf-stefan-cel-mare-si-sf-ierarh-nicolae-capitan-cretu-florin\/","title":{"rendered":"Biserica Sf. \u0218tefan cel Mare \u0219i Sf. Ierarh Nicolae, Capitan Cre\u021bu Florin. Accesibilizat"},"content":{"rendered":"<p>Exista ramp\u0103.<br \/>\nAccesul \u00een interior nu este restric\u021bionat.<br \/>\nNu exist\u0103 toalet\u0103 accesibilizat\u0103.<\/p>\n<p><a href=\"https:\/\/goo.gl\/maps\/aTUaAnfX5QqFxr3B6\" target=\"_blank\" rel=\"noopener\"><img loading=\"lazy\" decoding=\"async\" class=\"alignnone wp-image-995 size-medium\" src=\"http:\/\/dizabil.eu\/accesibilizare\/wp-content\/uploads\/2021\/07\/Biserica-Stefan-cel-Mare-si-Sf-Ierarh-Nicolae-Focsani-450x338.jpeg\" alt=\"\" width=\"450\" height=\"338\" srcset=\"https:\/\/dizabil.eu\/accesibilizare\/wp-content\/uploads\/2021\/07\/Biserica-Stefan-cel-Mare-si-Sf-Ierarh-Nicolae-Focsani-450x338.jpeg 450w, https:\/\/dizabil.eu\/accesibilizare\/wp-content\/uploads\/2021\/07\/Biserica-Stefan-cel-Mare-si-Sf-Ierarh-Nicolae-Focsani-1024x768.jpeg 1024w, https:\/\/dizabil.eu\/accesibilizare\/wp-content\/uploads\/2021\/07\/Biserica-Stefan-cel-Mare-si-Sf-Ierarh-Nicolae-Focsani-768x576.jpeg 768w, https:\/\/dizabil.eu\/accesibilizare\/wp-content\/uploads\/2021\/07\/Biserica-Stefan-cel-Mare-si-Sf-Ierarh-Nicolae-Focsani-1536x1152.jpeg 1536w, https:\/\/dizabil.eu\/accesibilizare\/wp-content\/uploads\/2021\/07\/Biserica-Stefan-cel-Mare-si-Sf-Ierarh-Nicolae-Focsani.jpeg 1600w\" sizes=\"(max-width: 450px) 100vw, 450px\" \/><\/a><\/p>\n<p><iframe loading=\"lazy\" style=\"border: 0;\" src=\"https:\/\/www.google.com\/maps\/embed?pb=!1m18!1m12!1m3!1d696.888647896726!2d27.18708891372174!3d45.67984126210702!2m3!1f0!2f0!3f0!3m2!1i1024!2i768!4f13.1!3m3!1m2!1s0x40b418ca7a7b0bfb%3A0xc34bb9ed0cff1b9a!2sBiserica%20Stefan%20cel%20mare%20si%20Sfantul%20Ier%20Nicolae!5e0!3m2!1sro!2sro!4v1627700840416!5m2!1sro!2sro\" width=\"1100\" height=\"500\" allowfullscreen=\"allowfullscreen\"><\/iframe><\/p>\n","protected":false},"excerpt":{"rendered":"<p>Exista ramp\u0103. Accesul \u00een interior nu este restric\u021bionat. Nu exist\u0103 toalet\u0103 accesibilizat\u0103.<\/p>\n","protected":false},"author":1,"featured_media":995,"comment_status":"closed","ping_status":"open","sticky":false,"template":"","format":"standard","meta":{"cybocfi_hide_featured_image":"yes","footnotes":""},"categories":[3],"tags":[12],"yoast_head":"<!-- This site is optimized with the Yoast SEO plugin v16.0.2 - https:\/\/yoast.com\/wordpress\/plugins\/seo\/ -->\n<title>Biserica Sf. \u0218tefan cel Mare \u0219i Sf. Ierarh Nicolae, Capitan Cre\u021bu Florin. Accesibilizat -<\/title>\n<link rel=\"canonical\" href=\"http:\/\/dizabil.eu\/accesibilizare\/biserica-sf-stefan-cel-mare-si-sf-ierarh-nicolae-capitan-cretu-florin\/\" \/>\n<meta property=\"og:locale\" content=\"ro_RO\" \/>\n<meta property=\"og:type\" content=\"article\" \/>\n<meta property=\"og:title\" content=\"Biserica Sf. \u0218tefan cel Mare \u0219i Sf. Ierarh Nicolae, Capitan Cre\u021bu Florin. Accesibilizat -\" \/>\n<meta property=\"og:description\" content=\"Exista ramp\u0103. Accesul \u00een interior nu este restric\u021bionat. Nu exist\u0103 toalet\u0103 accesibilizat\u0103.\" \/>\n<meta property=\"og:url\" content=\"http:\/\/dizabil.eu\/accesibilizare\/biserica-sf-stefan-cel-mare-si-sf-ierarh-nicolae-capitan-cretu-florin\/\" \/>\n<meta property=\"article:published_time\" content=\"2021-07-31T03:18:24+00:00\" \/>\n<meta property=\"article:modified_time\" content=\"2021-09-05T13:44:19+00:00\" \/>\n<meta property=\"og:image\" content=\"https:\/\/dizabil.eu\/accesibilizare\/wp-content\/uploads\/2021\/07\/Biserica-Stefan-cel-Mare-si-Sf-Ierarh-Nicolae-Focsani.jpeg\" \/>\n\t<meta property=\"og:image:width\" content=\"1600\" \/>\n\t<meta property=\"og:image:height\" content=\"1200\" \/>\n<meta name=\"twitter:card\" content=\"summary_large_image\" \/>\n<meta name=\"twitter:label1\" content=\"Timp estimat pentru citire\">\n\t<meta name=\"twitter:data1\" content=\"1 minut\">\n<script type=\"application\/ld+json\" class=\"yoast-schema-graph\">{\"@context\":\"https:\/\/schema.org\",\"@graph\":[{\"@type\":\"WebSite\",\"@id\":\"https:\/\/dizabil.eu\/accesibilizare\/#website\",\"url\":\"https:\/\/dizabil.eu\/accesibilizare\/\",\"name\":\"\",\"description\":\"site destinat persoanelor cu dizabilitati\",\"potentialAction\":[{\"@type\":\"SearchAction\",\"target\":\"https:\/\/dizabil.eu\/accesibilizare\/?s={search_term_string}\",\"query-input\":\"required name=search_term_string\"}],\"inLanguage\":\"ro-RO\"},{\"@type\":\"ImageObject\",\"@id\":\"http:\/\/dizabil.eu\/accesibilizare\/biserica-sf-stefan-cel-mare-si-sf-ierarh-nicolae-capitan-cretu-florin\/#primaryimage\",\"inLanguage\":\"ro-RO\",\"url\":\"https:\/\/dizabil.eu\/accesibilizare\/wp-content\/uploads\/2021\/07\/Biserica-Stefan-cel-Mare-si-Sf-Ierarh-Nicolae-Focsani.jpeg\",\"width\":1600,\"height\":1200},{\"@type\":\"WebPage\",\"@id\":\"http:\/\/dizabil.eu\/accesibilizare\/biserica-sf-stefan-cel-mare-si-sf-ierarh-nicolae-capitan-cretu-florin\/#webpage\",\"url\":\"http:\/\/dizabil.eu\/accesibilizare\/biserica-sf-stefan-cel-mare-si-sf-ierarh-nicolae-capitan-cretu-florin\/\",\"name\":\"Biserica Sf. \\u0218tefan cel Mare \\u0219i Sf. Ierarh Nicolae, Capitan Cre\\u021bu Florin. Accesibilizat -\",\"isPartOf\":{\"@id\":\"https:\/\/dizabil.eu\/accesibilizare\/#website\"},\"primaryImageOfPage\":{\"@id\":\"http:\/\/dizabil.eu\/accesibilizare\/biserica-sf-stefan-cel-mare-si-sf-ierarh-nicolae-capitan-cretu-florin\/#primaryimage\"},\"datePublished\":\"2021-07-31T03:18:24+00:00\",\"dateModified\":\"2021-09-05T13:44:19+00:00\",\"author\":{\"@id\":\"https:\/\/dizabil.eu\/accesibilizare\/#\/schema\/person\/731b609814235cdcc9c8ca1ca26fc286\"},\"breadcrumb\":{\"@id\":\"http:\/\/dizabil.eu\/accesibilizare\/biserica-sf-stefan-cel-mare-si-sf-ierarh-nicolae-capitan-cretu-florin\/#breadcrumb\"},\"inLanguage\":\"ro-RO\",\"potentialAction\":[{\"@type\":\"ReadAction\",\"target\":[\"http:\/\/dizabil.eu\/accesibilizare\/biserica-sf-stefan-cel-mare-si-sf-ierarh-nicolae-capitan-cretu-florin\/\"]}]},{\"@type\":\"BreadcrumbList\",\"@id\":\"http:\/\/dizabil.eu\/accesibilizare\/biserica-sf-stefan-cel-mare-si-sf-ierarh-nicolae-capitan-cretu-florin\/#breadcrumb\",\"itemListElement\":[{\"@type\":\"ListItem\",\"position\":1,\"item\":{\"@type\":\"WebPage\",\"@id\":\"https:\/\/dizabil.eu\/accesibilizare\/\",\"url\":\"https:\/\/dizabil.eu\/accesibilizare\/\",\"name\":\"Prima pagin\\u0103\"}},{\"@type\":\"ListItem\",\"position\":2,\"item\":{\"@type\":\"WebPage\",\"@id\":\"http:\/\/dizabil.eu\/accesibilizare\/biserica-sf-stefan-cel-mare-si-sf-ierarh-nicolae-capitan-cretu-florin\/\",\"url\":\"http:\/\/dizabil.eu\/accesibilizare\/biserica-sf-stefan-cel-mare-si-sf-ierarh-nicolae-capitan-cretu-florin\/\",\"name\":\"Biserica Sf. \\u0218tefan cel Mare \\u0219i Sf. Ierarh Nicolae, Capitan Cre\\u021bu Florin. Accesibilizat\"}}]},{\"@type\":\"Person\",\"@id\":\"https:\/\/dizabil.eu\/accesibilizare\/#\/schema\/person\/731b609814235cdcc9c8ca1ca26fc286\",\"name\":\"dizabil.eu\",\"image\":{\"@type\":\"ImageObject\",\"@id\":\"https:\/\/dizabil.eu\/accesibilizare\/#personlogo\",\"inLanguage\":\"ro-RO\",\"url\":\"https:\/\/secure.gravatar.com\/avatar\/7256dad9e42e1b0eda0730bb808024bd?s=96&d=mm&r=g\",\"caption\":\"dizabil.eu\"}}]}<\/script>\n<!-- \/ Yoast SEO plugin. -->","_links":{"self":[{"href":"https:\/\/dizabil.eu\/accesibilizare\/wp-json\/wp\/v2\/posts\/503"}],"collection":[{"href":"https:\/\/dizabil.eu\/accesibilizare\/wp-json\/wp\/v2\/posts"}],"about":[{"href":"https:\/\/dizabil.eu\/accesibilizare\/wp-json\/wp\/v2\/types\/post"}],"author":[{"embeddable":true,"href":"https:\/\/dizabil.eu\/accesibilizare\/wp-json\/wp\/v2\/users\/1"}],"replies":[{"embeddable":true,"href":"https:\/\/dizabil.eu\/accesibilizare\/wp-json\/wp\/v2\/comments?post=503"}],"version-history":[{"count":3,"href":"https:\/\/dizabil.eu\/accesibilizare\/wp-json\/wp\/v2\/posts\/503\/revisions"}],"predecessor-version":[{"id":996,"href":"https:\/\/dizabil.eu\/accesibilizare\/wp-json\/wp\/v2\/posts\/503\/revisions\/996"}],"wp:featuredmedia":[{"embeddable":true,"href":"https:\/\/dizabil.eu\/accesibilizare\/wp-json\/wp\/v2\/media\/995"}],"wp:attachment":[{"href":"https:\/\/dizabil.eu\/accesibilizare\/wp-json\/wp\/v2\/media?parent=503"}],"wp:term":[{"taxonomy":"category","embeddable":true,"href":"https:\/\/dizabil.eu\/accesibilizare\/wp-json\/wp\/v2\/categories?post=503"},{"taxonomy":"post_tag","embeddable":true,"href":"https:\/\/dizabil.eu\/accesibilizare\/wp-json\/wp\/v2\/tags?post=503"}],"curies":[{"name":"wp","href":"https:\/\/api.w.org\/{rel}","templated":true}]}}