{"id":767,"date":"2021-08-31T17:45:22","date_gmt":"2021-08-31T17:45:22","guid":{"rendered":"http:\/\/dizabil.eu\/accesibilizare\/?p=767"},"modified":"2021-08-31T17:45:22","modified_gmt":"2021-08-31T17:45:22","slug":"complex-comercial-onasis-strada-magura-123","status":"publish","type":"post","link":"https:\/\/dizabil.eu\/accesibilizare\/complex-comercial-onasis-strada-magura-123\/","title":{"rendered":"Complex comercial Onasis, Strada M\u0103gura 123"},"content":{"rendered":"<p><strong><span style=\"color: #ff00ff; font-size: 16pt;\">Partial Accesibilizat<\/span><\/strong><\/p>\n<p>Nu are parcare destinat\u0103 persoanelor cu dizabilit\u0103\u021bi<br \/>\nAccesul este posibil doar \u00een anumite zone.<br \/>\nNu exist\u0103 toalet\u0103 accesibilizat\u0103.<\/p>\n<p>https:\/\/goo.gl\/maps\/3dqaWS3xa2sm6wEz7<\/p>\n<p>&nbsp;<\/p>\n<p><iframe src=\"https:\/\/www.google.com\/maps\/embed?pb=!1m18!1m12!1m3!1d2786.6354254449584!2d27.20302065026449!3d45.69828792571284!2m3!1f0!2f0!3f0!3m2!1i1024!2i768!4f13.1!3m3!1m2!1s0x40b421e5b6956f77%3A0xf383031a36b5db99!2sComplex%20Comercial%20Onasis!5e0!3m2!1sro!2sro!4v1630431440747!5m2!1sro!2sro\" width=\"1100\" height=\"500\" style=\"border:0;\" allowfullscreen=\"\" loading=\"lazy\"><\/iframe><\/p>\n","protected":false},"excerpt":{"rendered":"<p>Partial Accesibilizat Nu are parcare destinat\u0103 persoanelor cu dizabilit\u0103\u021bi Accesul este posibil doar \u00een anumite zone. Nu exist\u0103 toalet\u0103 accesibilizat\u0103. https:\/\/goo.gl\/maps\/3dqaWS3xa2sm6wEz7 &nbsp;<\/p>\n","protected":false},"author":1,"featured_media":0,"comment_status":"closed","ping_status":"open","sticky":false,"template":"","format":"standard","meta":{"cybocfi_hide_featured_image":"","footnotes":""},"categories":[11],"tags":[15],"yoast_head":"<!-- This site is optimized with the Yoast SEO plugin v16.0.2 - https:\/\/yoast.com\/wordpress\/plugins\/seo\/ -->\n<title>Complex comercial Onasis, Strada M\u0103gura 123 -<\/title>\n<link rel=\"canonical\" href=\"http:\/\/dizabil.eu\/accesibilizare\/complex-comercial-onasis-strada-magura-123\/\" \/>\n<meta property=\"og:locale\" content=\"ro_RO\" \/>\n<meta property=\"og:type\" content=\"article\" \/>\n<meta property=\"og:title\" content=\"Complex comercial Onasis, Strada M\u0103gura 123 -\" \/>\n<meta property=\"og:description\" content=\"Partial Accesibilizat Nu are parcare destinat\u0103 persoanelor cu dizabilit\u0103\u021bi Accesul este posibil doar \u00een anumite zone. Nu exist\u0103 toalet\u0103 accesibilizat\u0103. https:\/\/goo.gl\/maps\/3dqaWS3xa2sm6wEz7 &nbsp;\" \/>\n<meta property=\"og:url\" content=\"http:\/\/dizabil.eu\/accesibilizare\/complex-comercial-onasis-strada-magura-123\/\" \/>\n<meta property=\"article:published_time\" content=\"2021-08-31T17:45:22+00:00\" \/>\n<meta name=\"twitter:card\" content=\"summary_large_image\" \/>\n<meta name=\"twitter:label1\" content=\"Timp estimat pentru citire\">\n\t<meta name=\"twitter:data1\" content=\"1 minut\">\n<script type=\"application\/ld+json\" class=\"yoast-schema-graph\">{\"@context\":\"https:\/\/schema.org\",\"@graph\":[{\"@type\":\"WebSite\",\"@id\":\"https:\/\/dizabil.eu\/accesibilizare\/#website\",\"url\":\"https:\/\/dizabil.eu\/accesibilizare\/\",\"name\":\"\",\"description\":\"site destinat persoanelor cu dizabilitati\",\"potentialAction\":[{\"@type\":\"SearchAction\",\"target\":\"https:\/\/dizabil.eu\/accesibilizare\/?s={search_term_string}\",\"query-input\":\"required name=search_term_string\"}],\"inLanguage\":\"ro-RO\"},{\"@type\":\"WebPage\",\"@id\":\"http:\/\/dizabil.eu\/accesibilizare\/complex-comercial-onasis-strada-magura-123\/#webpage\",\"url\":\"http:\/\/dizabil.eu\/accesibilizare\/complex-comercial-onasis-strada-magura-123\/\",\"name\":\"Complex comercial Onasis, Strada M\\u0103gura 123 -\",\"isPartOf\":{\"@id\":\"https:\/\/dizabil.eu\/accesibilizare\/#website\"},\"datePublished\":\"2021-08-31T17:45:22+00:00\",\"dateModified\":\"2021-08-31T17:45:22+00:00\",\"author\":{\"@id\":\"https:\/\/dizabil.eu\/accesibilizare\/#\/schema\/person\/731b609814235cdcc9c8ca1ca26fc286\"},\"breadcrumb\":{\"@id\":\"http:\/\/dizabil.eu\/accesibilizare\/complex-comercial-onasis-strada-magura-123\/#breadcrumb\"},\"inLanguage\":\"ro-RO\",\"potentialAction\":[{\"@type\":\"ReadAction\",\"target\":[\"http:\/\/dizabil.eu\/accesibilizare\/complex-comercial-onasis-strada-magura-123\/\"]}]},{\"@type\":\"BreadcrumbList\",\"@id\":\"http:\/\/dizabil.eu\/accesibilizare\/complex-comercial-onasis-strada-magura-123\/#breadcrumb\",\"itemListElement\":[{\"@type\":\"ListItem\",\"position\":1,\"item\":{\"@type\":\"WebPage\",\"@id\":\"https:\/\/dizabil.eu\/accesibilizare\/\",\"url\":\"https:\/\/dizabil.eu\/accesibilizare\/\",\"name\":\"Prima pagin\\u0103\"}},{\"@type\":\"ListItem\",\"position\":2,\"item\":{\"@type\":\"WebPage\",\"@id\":\"http:\/\/dizabil.eu\/accesibilizare\/complex-comercial-onasis-strada-magura-123\/\",\"url\":\"http:\/\/dizabil.eu\/accesibilizare\/complex-comercial-onasis-strada-magura-123\/\",\"name\":\"Complex comercial Onasis, Strada M\\u0103gura 123\"}}]},{\"@type\":\"Person\",\"@id\":\"https:\/\/dizabil.eu\/accesibilizare\/#\/schema\/person\/731b609814235cdcc9c8ca1ca26fc286\",\"name\":\"dizabil.eu\",\"image\":{\"@type\":\"ImageObject\",\"@id\":\"https:\/\/dizabil.eu\/accesibilizare\/#personlogo\",\"inLanguage\":\"ro-RO\",\"url\":\"https:\/\/secure.gravatar.com\/avatar\/7256dad9e42e1b0eda0730bb808024bd?s=96&d=mm&r=g\",\"caption\":\"dizabil.eu\"}}]}<\/script>\n<!-- \/ Yoast SEO plugin. -->","_links":{"self":[{"href":"https:\/\/dizabil.eu\/accesibilizare\/wp-json\/wp\/v2\/posts\/767"}],"collection":[{"href":"https:\/\/dizabil.eu\/accesibilizare\/wp-json\/wp\/v2\/posts"}],"about":[{"href":"https:\/\/dizabil.eu\/accesibilizare\/wp-json\/wp\/v2\/types\/post"}],"author":[{"embeddable":true,"href":"https:\/\/dizabil.eu\/accesibilizare\/wp-json\/wp\/v2\/users\/1"}],"replies":[{"embeddable":true,"href":"https:\/\/dizabil.eu\/accesibilizare\/wp-json\/wp\/v2\/comments?post=767"}],"version-history":[{"count":2,"href":"https:\/\/dizabil.eu\/accesibilizare\/wp-json\/wp\/v2\/posts\/767\/revisions"}],"predecessor-version":[{"id":769,"href":"https:\/\/dizabil.eu\/accesibilizare\/wp-json\/wp\/v2\/posts\/767\/revisions\/769"}],"wp:attachment":[{"href":"https:\/\/dizabil.eu\/accesibilizare\/wp-json\/wp\/v2\/media?parent=767"}],"wp:term":[{"taxonomy":"category","embeddable":true,"href":"https:\/\/dizabil.eu\/accesibilizare\/wp-json\/wp\/v2\/categories?post=767"},{"taxonomy":"post_tag","embeddable":true,"href":"https:\/\/dizabil.eu\/accesibilizare\/wp-json\/wp\/v2\/tags?post=767"}],"curies":[{"name":"wp","href":"https:\/\/api.w.org\/{rel}","templated":true}]}}