{"id":827,"date":"2021-09-01T17:39:21","date_gmt":"2021-09-01T17:39:21","guid":{"rendered":"https:\/\/dizabil.eu\/accesibilizare\/?p=827"},"modified":"2021-09-01T17:42:29","modified_gmt":"2021-09-01T17:42:29","slug":"birou-notar-public-oprea-mihaela-str-bucegi-5","status":"publish","type":"post","link":"https:\/\/dizabil.eu\/accesibilizare\/birou-notar-public-oprea-mihaela-str-bucegi-5\/","title":{"rendered":"Notar public Oprea Mihaela, Str. Bucegi 5"},"content":{"rendered":"<p><strong><span style=\"color: #ff0000; font-size: 16pt;\">Neaccesibilizat<br \/>\n<\/span><\/strong>Nu exist\u0103 ramp\u0103Nu exist\u0103 ramp\u0103<\/p>\n<p><a href=\"https:\/\/goo.gl\/maps\/j9gWFc33ZVd5V4RVA\" target=\"_blank\" rel=\"noopener\"><img loading=\"lazy\" decoding=\"async\" class=\"alignnone wp-image-740 size-medium\" src=\"http:\/\/dizabil.eu\/accesibilizare\/wp-content\/uploads\/2021\/08\/Birou-notar-public-Oprea-Mihaela-Str.-Bucegi-5-338x450.jpg\" alt=\"\" width=\"338\" height=\"450\" srcset=\"https:\/\/dizabil.eu\/accesibilizare\/wp-content\/uploads\/2021\/08\/Birou-notar-public-Oprea-Mihaela-Str.-Bucegi-5-338x450.jpg 338w, https:\/\/dizabil.eu\/accesibilizare\/wp-content\/uploads\/2021\/08\/Birou-notar-public-Oprea-Mihaela-Str.-Bucegi-5-768x1024.jpg 768w, https:\/\/dizabil.eu\/accesibilizare\/wp-content\/uploads\/2021\/08\/Birou-notar-public-Oprea-Mihaela-Str.-Bucegi-5.jpg 900w\" sizes=\"(max-width: 338px) 100vw, 338px\" \/><\/a><\/p>\n<p><iframe loading=\"lazy\" style=\"border: 0;\" src=\"https:\/\/www.google.com\/maps\/embed?pb=!1m18!1m12!1m3!1d657.5981656907152!2d27.18862978865154!3d45.69490933855763!2m3!1f0!2f0!3f0!3m2!1i1024!2i768!4f13.1!3m3!1m2!1s0x40b418a5e174f187%3A0x2838b3dc9cdf0f4b!2sStrada%20Bucegi%2C%20Foc%C8%99ani!5e0!3m2!1sro!2sro!4v1630517525354!5m2!1sro!2sro\" width=\"1100\" height=\"500\" allowfullscreen=\"allowfullscreen\"><span style=\"display: inline-block; width: 0px; overflow: hidden; line-height: 0;\" data-mce-type=\"bookmark\" class=\"mce_SELRES_start\">\ufeff<\/span><\/iframe><\/p>\n","protected":false},"excerpt":{"rendered":"<p>Neaccesibilizat Nu exist\u0103 ramp\u0103Nu exist\u0103 ramp\u0103 \ufeff<\/p>\n","protected":false},"author":1,"featured_media":740,"comment_status":"closed","ping_status":"open","sticky":false,"template":"","format":"standard","meta":{"cybocfi_hide_featured_image":"yes","footnotes":""},"categories":[1],"tags":[14],"yoast_head":"<!-- This site is optimized with the Yoast SEO plugin v16.0.2 - https:\/\/yoast.com\/wordpress\/plugins\/seo\/ -->\n<title>Notar public Oprea Mihaela, Str. Bucegi 5 -<\/title>\n<link rel=\"canonical\" href=\"https:\/\/dizabil.eu\/accesibilizare\/birou-notar-public-oprea-mihaela-str-bucegi-5\/\" \/>\n<meta property=\"og:locale\" content=\"ro_RO\" \/>\n<meta property=\"og:type\" content=\"article\" \/>\n<meta property=\"og:title\" content=\"Notar public Oprea Mihaela, Str. Bucegi 5 -\" \/>\n<meta property=\"og:description\" content=\"Neaccesibilizat Nu exist\u0103 ramp\u0103Nu exist\u0103 ramp\u0103 \ufeff\" \/>\n<meta property=\"og:url\" content=\"https:\/\/dizabil.eu\/accesibilizare\/birou-notar-public-oprea-mihaela-str-bucegi-5\/\" \/>\n<meta property=\"article:published_time\" content=\"2021-09-01T17:39:21+00:00\" \/>\n<meta property=\"article:modified_time\" content=\"2021-09-01T17:42:29+00:00\" \/>\n<meta property=\"og:image\" content=\"https:\/\/dizabil.eu\/accesibilizare\/wp-content\/uploads\/2021\/08\/Birou-notar-public-Oprea-Mihaela-Str.-Bucegi-5.jpg\" \/>\n\t<meta property=\"og:image:width\" content=\"900\" \/>\n\t<meta property=\"og:image:height\" content=\"1200\" \/>\n<meta name=\"twitter:card\" content=\"summary_large_image\" \/>\n<meta name=\"twitter:label1\" content=\"Timp estimat pentru citire\">\n\t<meta name=\"twitter:data1\" content=\"1 minut\">\n<script type=\"application\/ld+json\" class=\"yoast-schema-graph\">{\"@context\":\"https:\/\/schema.org\",\"@graph\":[{\"@type\":\"WebSite\",\"@id\":\"https:\/\/dizabil.eu\/accesibilizare\/#website\",\"url\":\"https:\/\/dizabil.eu\/accesibilizare\/\",\"name\":\"\",\"description\":\"site destinat persoanelor cu dizabilitati\",\"potentialAction\":[{\"@type\":\"SearchAction\",\"target\":\"https:\/\/dizabil.eu\/accesibilizare\/?s={search_term_string}\",\"query-input\":\"required name=search_term_string\"}],\"inLanguage\":\"ro-RO\"},{\"@type\":\"ImageObject\",\"@id\":\"https:\/\/dizabil.eu\/accesibilizare\/birou-notar-public-oprea-mihaela-str-bucegi-5\/#primaryimage\",\"inLanguage\":\"ro-RO\",\"url\":\"https:\/\/dizabil.eu\/accesibilizare\/wp-content\/uploads\/2021\/08\/Birou-notar-public-Oprea-Mihaela-Str.-Bucegi-5.jpg\",\"width\":900,\"height\":1200},{\"@type\":\"WebPage\",\"@id\":\"https:\/\/dizabil.eu\/accesibilizare\/birou-notar-public-oprea-mihaela-str-bucegi-5\/#webpage\",\"url\":\"https:\/\/dizabil.eu\/accesibilizare\/birou-notar-public-oprea-mihaela-str-bucegi-5\/\",\"name\":\"Notar public Oprea Mihaela, Str. Bucegi 5 -\",\"isPartOf\":{\"@id\":\"https:\/\/dizabil.eu\/accesibilizare\/#website\"},\"primaryImageOfPage\":{\"@id\":\"https:\/\/dizabil.eu\/accesibilizare\/birou-notar-public-oprea-mihaela-str-bucegi-5\/#primaryimage\"},\"datePublished\":\"2021-09-01T17:39:21+00:00\",\"dateModified\":\"2021-09-01T17:42:29+00:00\",\"author\":{\"@id\":\"https:\/\/dizabil.eu\/accesibilizare\/#\/schema\/person\/731b609814235cdcc9c8ca1ca26fc286\"},\"breadcrumb\":{\"@id\":\"https:\/\/dizabil.eu\/accesibilizare\/birou-notar-public-oprea-mihaela-str-bucegi-5\/#breadcrumb\"},\"inLanguage\":\"ro-RO\",\"potentialAction\":[{\"@type\":\"ReadAction\",\"target\":[\"https:\/\/dizabil.eu\/accesibilizare\/birou-notar-public-oprea-mihaela-str-bucegi-5\/\"]}]},{\"@type\":\"BreadcrumbList\",\"@id\":\"https:\/\/dizabil.eu\/accesibilizare\/birou-notar-public-oprea-mihaela-str-bucegi-5\/#breadcrumb\",\"itemListElement\":[{\"@type\":\"ListItem\",\"position\":1,\"item\":{\"@type\":\"WebPage\",\"@id\":\"https:\/\/dizabil.eu\/accesibilizare\/\",\"url\":\"https:\/\/dizabil.eu\/accesibilizare\/\",\"name\":\"Prima pagin\\u0103\"}},{\"@type\":\"ListItem\",\"position\":2,\"item\":{\"@type\":\"WebPage\",\"@id\":\"https:\/\/dizabil.eu\/accesibilizare\/birou-notar-public-oprea-mihaela-str-bucegi-5\/\",\"url\":\"https:\/\/dizabil.eu\/accesibilizare\/birou-notar-public-oprea-mihaela-str-bucegi-5\/\",\"name\":\"Notar public Oprea Mihaela, Str. Bucegi 5\"}}]},{\"@type\":\"Person\",\"@id\":\"https:\/\/dizabil.eu\/accesibilizare\/#\/schema\/person\/731b609814235cdcc9c8ca1ca26fc286\",\"name\":\"dizabil.eu\",\"image\":{\"@type\":\"ImageObject\",\"@id\":\"https:\/\/dizabil.eu\/accesibilizare\/#personlogo\",\"inLanguage\":\"ro-RO\",\"url\":\"https:\/\/secure.gravatar.com\/avatar\/7256dad9e42e1b0eda0730bb808024bd?s=96&d=mm&r=g\",\"caption\":\"dizabil.eu\"}}]}<\/script>\n<!-- \/ Yoast SEO plugin. -->","_links":{"self":[{"href":"https:\/\/dizabil.eu\/accesibilizare\/wp-json\/wp\/v2\/posts\/827"}],"collection":[{"href":"https:\/\/dizabil.eu\/accesibilizare\/wp-json\/wp\/v2\/posts"}],"about":[{"href":"https:\/\/dizabil.eu\/accesibilizare\/wp-json\/wp\/v2\/types\/post"}],"author":[{"embeddable":true,"href":"https:\/\/dizabil.eu\/accesibilizare\/wp-json\/wp\/v2\/users\/1"}],"replies":[{"embeddable":true,"href":"https:\/\/dizabil.eu\/accesibilizare\/wp-json\/wp\/v2\/comments?post=827"}],"version-history":[{"count":2,"href":"https:\/\/dizabil.eu\/accesibilizare\/wp-json\/wp\/v2\/posts\/827\/revisions"}],"predecessor-version":[{"id":829,"href":"https:\/\/dizabil.eu\/accesibilizare\/wp-json\/wp\/v2\/posts\/827\/revisions\/829"}],"wp:featuredmedia":[{"embeddable":true,"href":"https:\/\/dizabil.eu\/accesibilizare\/wp-json\/wp\/v2\/media\/740"}],"wp:attachment":[{"href":"https:\/\/dizabil.eu\/accesibilizare\/wp-json\/wp\/v2\/media?parent=827"}],"wp:term":[{"taxonomy":"category","embeddable":true,"href":"https:\/\/dizabil.eu\/accesibilizare\/wp-json\/wp\/v2\/categories?post=827"},{"taxonomy":"post_tag","embeddable":true,"href":"https:\/\/dizabil.eu\/accesibilizare\/wp-json\/wp\/v2\/tags?post=827"}],"curies":[{"name":"wp","href":"https:\/\/api.w.org\/{rel}","templated":true}]}}